{"id":853,"date":"2021-11-18T14:00:00","date_gmt":"2021-11-18T17:00:00","guid":{"rendered":"https:\/\/alliviciblog.azurewebsites.net\/?p=853"},"modified":"2021-11-18T12:45:07","modified_gmt":"2021-11-18T15:45:07","slug":"representacao-social-da-doenca-e-adesao-do-paciente-ao-tratamento","status":"publish","type":"post","link":"https:\/\/blog.allivici.com\/index.php\/2021\/11\/18\/representacao-social-da-doenca-e-adesao-do-paciente-ao-tratamento\/","title":{"rendered":"Representa\u00e7\u00e3o social da doen\u00e7a e ades\u00e3o do paciente ao tratamento"},"content":{"rendered":"\n<p>A forma com que muitas <strong>condi\u00e7\u00f5es de sa\u00fade <\/strong>s\u00e3o encaradas e vividas pode influenciar na ades\u00e3o do indiv\u00edduo ao tratamento, assim como nos desfechos cl\u00ednicos (<a href=\"https:\/\/pubmed.ncbi.nlm.nih.gov\/32067248\/\">1<\/a>). Esse conceito, ou seja, como encaramos a pr\u00f3pria realidade, pode ser chamado de <span style=\"color:#4b9595\" class=\"has-inline-color\"><strong>representa\u00e7\u00e3o social<\/strong><\/span> (<em>common sense model<\/em>).\u00a0<\/p>\n\n\n\n<p>\u00c9 importante ressaltar que tal representa\u00e7\u00e3o pode ser determinada por <strong>diversos fatores<\/strong>:\u00a0<\/p>\n\n\n\n<ul><li>como o quadro cl\u00ednico foi <strong>apresentado<\/strong> ao paciente;<\/li><li><strong>hist\u00f3ria<\/strong> cl\u00ednica familiar e de conhecidos;<\/li><li>a forma que a <strong>sociedade<\/strong> em que ele est\u00e1 inserido encara tal quadro cl\u00ednico;<\/li><li>e como a doen\u00e7a pode afetar as <strong>intera\u00e7\u00f5es<\/strong> sociais do indiv\u00edduo.\u00a0\u00a0<\/li><\/ul>\n\n\n\n<p>Durante a etapa de <span style=\"color:#4b9595\" class=\"has-inline-color\">anamnese<\/span> h\u00e1 muito espa\u00e7o para perguntas diretas, mas pouco para <span style=\"color:#4b9595\" class=\"has-inline-color\">escutar a hist\u00f3ria<\/span> de algu\u00e9m. Quando o paciente conta sobre as suas queixas e dores, nunca \u00e9 apenas sobre a sua doen\u00e7a, e sim sobre a sua <strong>vida<\/strong>, alterada pela doen\u00e7a. A forma com que ele fala de si, da sua sa\u00fade e motiva\u00e7\u00e3o para mudar h\u00e1bitos \u00e9 muito importante para a <strong>conduta<\/strong> do nutricionista.\u00a0<\/p>\n\n\n\n<p>\u00c9 a partir da <span style=\"color:#4b9595\" class=\"has-inline-color\">representa\u00e7\u00e3o da pr\u00f3pria doen\u00e7a<\/span> que o paciente pode, ou n\u00e3o, <strong>tomar atitudes<\/strong> que visam a sua sa\u00fade (<a href=\"https:\/\/pubmed.ncbi.nlm.nih.gov\/32030192\/\">2<\/a>). Precisamos entender o entendimento deles sobre o que est\u00e1 acontecendo, pois isso tem grande impacto no tratamento.\u00a0<\/p>\n\n\n\n<p>Por exemplo, uma vis\u00e3o extremamente <strong>negativa<\/strong> do progn\u00f3stico pode ser desmotivante para persistir em mudan\u00e7as. J\u00e1 uma vis\u00e3o <strong>positiva<\/strong> e realista pode fazer com que o paciente coopere com o profissional e tenha melhor <strong>ades\u00e3o<\/strong> ao tratamento.\u00a0<\/p>\n\n\n\n<p>Em um <a href=\"https:\/\/www.ncbi.nlm.nih.gov\/pmc\/articles\/PMC1783576\/pdf\/RevDiabeticStud-03-011.pdf\">estudo<\/a>, focado em pacientes portadores de diabetes mellitus tipo 2, o modelo de <strong>interven\u00e7\u00e3o terap\u00eautica<\/strong> foi avaliado e associado \u00e0 ades\u00e3o do paciente ao tratamento. Quanto mais <span style=\"color:#4b9595\" class=\"has-inline-color\">pressionados<\/span> esses se sentiam por orienta\u00e7\u00f5es r\u00edgidas, menos eles:\u00a0<\/p>\n\n\n\n<ul><li>relataram o consumo alimentar <strong>real<\/strong>;<\/li><li><strong>aderiram<\/strong> ao plano alimentar proposto;<\/li><li>apresentaram <strong>autocontrole<\/strong> associado \u00e0 alimenta\u00e7\u00e3o.\u00a0<\/li><\/ul>\n\n\n\n<div class=\"wp-block-image\"><figure class=\"aligncenter is-resized\"><img loading=\"lazy\" src=\"https:\/\/lh3.googleusercontent.com\/mUdP55njJvWK0hk-V7dliwjvmI0n4tlVa_gpK5ZRVMzz_i5h_i-j1sh65iktaEE1GkXco7ZTlu5q-MLztUi3G9dqOS0XTrKl4fSVIqQpQsAfZc0_LodZ8hEGJ7yTrVVSlEJaNzPC\" alt=\"\" width=\"605\" height=\"630\"\/><figcaption><sub>fonte: DOI 10.1900\/RDS.2006.3.11<\/sub><\/figcaption><\/figure><\/div>\n\n\n\n<p>Uma conduta terap\u00eautica mais <strong>acolhedora<\/strong>, al\u00e9m de compreens\u00edvel \u00e0s demandas de sa\u00fade e sociais do paciente, promove melhor ader\u00eancia ao tratamento, e consequentemente, <strong>maiores<\/strong> chances de resultados positivos serem colhidos (<a href=\"https:\/\/www.ncbi.nlm.nih.gov\/pmc\/articles\/PMC1783576\/pdf\/RevDiabeticStud-03-011.pdf\">3<\/a>).\u00a0\u00a0<\/p>\n\n\n\n<p>O nutricionista enfrenta diversas barreiras no manejo nutricional de doen\u00e7as cr\u00f4nicas, como a <span style=\"color:#4b9595\" class=\"has-inline-color\">educa\u00e7\u00e3o alimentar<\/span>, desconstru\u00e7\u00e3o de desinforma\u00e7\u00f5es, e incentivar uma constante auto observa\u00e7\u00e3o por parte do paciente. Para isso, a ades\u00e3o ao tratamento e \u00e0s orienta\u00e7\u00f5es \u00e9 essencial!\u00a0<\/p>\n\n\n\n<p>Deixo tamb\u00e9m um <strong>artigo de sugest\u00e3o<\/strong> para leitura, sobre como as normas do senso comum e o ambiente social podem impactar nas escolhas alimentares:\u00a0<a href=\"https:\/\/doi.org\/10.1016\/j.appet.2014.10.021\">https:\/\/doi.org\/10.1016\/j.appet.2014.10.021<\/a><\/p>\n\n\n\n<p><strong>At\u00e9 mais!&nbsp;<\/strong><\/p>\n","protected":false},"excerpt":{"rendered":"<p>A forma com que muitas condi\u00e7\u00f5es de sa\u00fade s\u00e3o encaradas e vividas pode influenciar na ades\u00e3o do indiv\u00edduo ao tratamento, assim como nos desfechos cl\u00ednicos. Saiba como uma conduta terap\u00eautica mais acolhedora pode trazer resultados mais positivos na ades\u00e3o ao tratamento.<\/p>\n","protected":false},"author":9,"featured_media":855,"comment_status":"open","ping_status":"open","sticky":false,"template":"","format":"standard","meta":{"spay_email":""},"categories":[2],"tags":[187,28,188,45,186,115],"jetpack_featured_media_url":"\/wp-content\/uploads\/2021\/11\/national-cancer-institute-NNpo-liY5aU-unsplash-scaled-e1637250027296.jpg","jetpack-related-posts":[{"id":1273,"url":"https:\/\/blog.allivici.com\/index.php\/2022\/09\/29\/atualidades-dia-mundial-do-coracao\/","url_meta":{"origin":853,"position":0},"title":"Dia Mundial do Cora\u00e7\u00e3o","date":"29 de setembro de 2022","format":false,"excerpt":"As doen\u00e7as cardiovasculares s\u00e3o destaque no \u00edndice de mortalidade entre os brasileiros. A ades\u00e3o ao tratamento \u00e9 muito importante para a redu\u00e7\u00e3o dos fatores de risco, como sedentarismo, tabagismo e alimenta\u00e7\u00e3o inadequada. Saiba algumas estrat\u00e9gias nutricionais capazes de contribuir para a preven\u00e7\u00e3o!","rel":"","context":"Em &quot;Atualidades&quot;","img":{"alt_text":"","src":"\/wp-content\/uploads\/2022\/09\/Screen-Shot-2022-09-24-at-4.37.09-PM.png","width":350,"height":200},"classes":[]},{"id":1604,"url":"https:\/\/blog.allivici.com\/index.php\/2023\/11\/14\/cuidado-nutricional-diabetes-mellitus\/","url_meta":{"origin":853,"position":1},"title":"Cuidado Nutricional: Diabetes Mellitus","date":"14 de novembro de 2023","format":false,"excerpt":"A cada ano, no dia 14 de novembro, o mundo todo \u00e9 lembrado sobre os cuidados de preven\u00e7\u00e3o e tratamento para Diabetes Mellitus. No Blog do Software Allivici j\u00e1 trouxemos diversas postagens sobre o tema. Relembre dos cuidados nutricionais necess\u00e1rios para essa condi\u00e7\u00e3o de sa\u00fade no texto de hoje!","rel":"","context":"Em &quot;Atualidades&quot;","img":{"alt_text":"","src":"\/wp-content\/uploads\/2023\/11\/Capas-Blog.png","width":350,"height":200},"classes":[]},{"id":996,"url":"https:\/\/blog.allivici.com\/index.php\/2022\/03\/31\/cuidado-nutricional-psoriase-2\/","url_meta":{"origin":853,"position":2},"title":"Cuidado Nutricional: Psor\u00edase","date":"31 de mar\u00e7o de 2022","format":false,"excerpt":"No ano passado, um dos nossos textos mais lidos aqui no blog foi sobre a psor\u00edase. Ent\u00e3o, n\u00f3s decidimos trazer esse assunto novamente. Quais estrat\u00e9gias nutricionais podem ser aplicadas para o\u00a0tratamento complementar dessa condi\u00e7\u00e3o cr\u00f4nica de sa\u00fade?","rel":"","context":"Em &quot;Atualidades&quot;","img":{"alt_text":"","src":"\/wp-content\/uploads\/2022\/03\/53-e1648128770585.png","width":350,"height":200},"classes":[]},{"id":822,"url":"https:\/\/blog.allivici.com\/index.php\/2021\/10\/28\/cuidado-nutricional-psoriase\/","url_meta":{"origin":853,"position":3},"title":"Cuidado Nutricional: Psor\u00edase","date":"28 de outubro de 2021","format":false,"excerpt":"A psor\u00edase \u00e9 uma doen\u00e7a imunomediada, dermatol\u00f3gica e cr\u00f4nica. Pode apresentar diversas manifesta\u00e7\u00f5es.Por ser uma condi\u00e7\u00e3o cl\u00ednica cr\u00f4nica o nutricionista possui importante espa\u00e7o de atua\u00e7\u00e3o terap\u00eautica. Quais estrat\u00e9gias nutricionais podem ser aplicadas no tratamento complementar da psor\u00edase?","rel":"","context":"Em &quot;Atualidades&quot;","img":{"alt_text":"","src":"\/wp-content\/uploads\/2021\/10\/alimentacao-na-infancia.png","width":350,"height":200},"classes":[]},{"id":1756,"url":"https:\/\/blog.allivici.com\/index.php\/2024\/05\/28\/artigo-cientifico-biomarcadores-nas-doencas-inflamatorias-intestinais\/","url_meta":{"origin":853,"position":4},"title":"Artigo Cient\u00edfico: Biomarcadores nas Doen\u00e7as Inflamat\u00f3rias Intestinais","date":"28 de maio de 2024","format":false,"excerpt":"Doen\u00e7a Inflamat\u00f3ria Intestinal (DII) \u00e9 um termo que abrange duas condi\u00e7\u00f5es cl\u00ednicas: Colite ulcerativa (UC) e Doen\u00e7a de Crohn (DC). O estudo em quest\u00e3o abordou os atuais biomarcadores na DII e quais s\u00e3o as orienta\u00e7\u00f5es pr\u00e1ticas para cada um, visando orientar profissionais da sa\u00fade. Al\u00e9m disso, trouxe as promessas de\u2026","rel":"","context":"Em &quot;Atualidades&quot;","img":{"alt_text":"","src":"\/wp-content\/uploads\/2024\/05\/Capas-Blog-1.png","width":350,"height":200},"classes":[]},{"id":1423,"url":"https:\/\/blog.allivici.com\/index.php\/2023\/02\/14\/cuidado-nutricional-doencas-raras\/","url_meta":{"origin":853,"position":5},"title":"Cuidado Nutricional: Doen\u00e7as Raras","date":"14 de fevereiro de 2023","format":false,"excerpt":"Doen\u00e7as raras s\u00e3o todas aquelas que atingem um n\u00famero reduzido de pessoas, 65 em cada 100.000 indiv\u00edduos. Podem ter origem gen\u00e9tica, que \u00e9 o caso da maioria, ou infecciosa, inflamat\u00f3ria e autoimune. O Dia Mundial das Doen\u00e7as Raras acontece no dia 28\/02. No texto de hoje, descubra quando a atua\u00e7\u00e3o\u2026","rel":"","context":"Em &quot;Atualidades&quot;","img":{"alt_text":"","src":"\/wp-content\/uploads\/2023\/01\/pexels-photo-954585.jpeg","width":350,"height":200},"classes":[]}],"_links":{"self":[{"href":"https:\/\/blog.allivici.com\/index.php\/wp-json\/wp\/v2\/posts\/853"}],"collection":[{"href":"https:\/\/blog.allivici.com\/index.php\/wp-json\/wp\/v2\/posts"}],"about":[{"href":"https:\/\/blog.allivici.com\/index.php\/wp-json\/wp\/v2\/types\/post"}],"author":[{"embeddable":true,"href":"https:\/\/blog.allivici.com\/index.php\/wp-json\/wp\/v2\/users\/9"}],"replies":[{"embeddable":true,"href":"https:\/\/blog.allivici.com\/index.php\/wp-json\/wp\/v2\/comments?post=853"}],"version-history":[{"count":4,"href":"https:\/\/blog.allivici.com\/index.php\/wp-json\/wp\/v2\/posts\/853\/revisions"}],"predecessor-version":[{"id":858,"href":"https:\/\/blog.allivici.com\/index.php\/wp-json\/wp\/v2\/posts\/853\/revisions\/858"}],"wp:featuredmedia":[{"embeddable":true,"href":"https:\/\/blog.allivici.com\/index.php\/wp-json\/wp\/v2\/media\/855"}],"wp:attachment":[{"href":"https:\/\/blog.allivici.com\/index.php\/wp-json\/wp\/v2\/media?parent=853"}],"wp:term":[{"taxonomy":"category","embeddable":true,"href":"https:\/\/blog.allivici.com\/index.php\/wp-json\/wp\/v2\/categories?post=853"},{"taxonomy":"post_tag","embeddable":true,"href":"https:\/\/blog.allivici.com\/index.php\/wp-json\/wp\/v2\/tags?post=853"}],"curies":[{"name":"wp","href":"https:\/\/api.w.org\/{rel}","templated":true}]}}