{"id":842,"date":"2021-11-11T14:00:00","date_gmt":"2021-11-11T17:00:00","guid":{"rendered":"https:\/\/alliviciblog.azurewebsites.net\/?p=842"},"modified":"2022-06-09T13:28:57","modified_gmt":"2022-06-09T16:28:57","slug":"cuidado-nutricional-diabetes","status":"publish","type":"post","link":"https:\/\/blog.allivici.com\/index.php\/2021\/11\/11\/cuidado-nutricional-diabetes\/","title":{"rendered":"Estrat\u00e9gias Nutricionais: Diabetes"},"content":{"rendered":"\n<p>Diabetes Mellitus (DM) \u00e9 uma <strong>doen\u00e7a cr\u00f4nica multifatorial<\/strong>, na qual o corpo possui defici\u00eancia na s\u00edntese de insulina, ou em utilizar a que produz (<a href=\"https:\/\/www.diabetes.org.br\/\" target=\"_blank\" rel=\"noreferrer noopener\">1<\/a>). \u00c9 uma condi\u00e7\u00e3o de importante impacto na sa\u00fade p\u00fablica, atingindo <strong>16,5 milh\u00f5es<\/strong> de brasileiros (<a href=\"https:\/\/www.diabetes.org.br\/publico\/images\/Atlas-IDF-2019.pptx.pdf\" target=\"_blank\" rel=\"noreferrer noopener\">2<\/a>).<\/p>\n\n\n\n<p>Como no domingo (14\/11) \u00e9 o <strong><a rel=\"noreferrer noopener\" href=\"https:\/\/www.anad.org.br\/dia-mundial-do-diabetes\/\" target=\"_blank\">Dia Mundial do Diabetes<\/a><\/strong>, n\u00f3s trouxemos estrat\u00e9gias nutricionais, materiais e p\u00e1ginas que abordam essa tem\u00e1tica t\u00e3o importante:<\/p>\n\n\n\n<p><strong><span style=\"color:#4b9595\" class=\"has-inline-color\">Estrat\u00e9gias Nutricionais<\/span><\/strong><\/p>\n\n\n\n<div class=\"wp-block-image\"><figure class=\"aligncenter size-large is-resized\"><img loading=\"lazy\" src=\"\/wp-content\/uploads\/2021\/08\/jason-briscoe-GliaHAJ3_5A-unsplash-1024x614.jpg\" alt=\"\" class=\"wp-image-737\" width=\"453\" height=\"271\" srcset=\"\/wp-content\/uploads\/2021\/08\/jason-briscoe-GliaHAJ3_5A-unsplash-1024x614.jpg 1024w, \/wp-content\/uploads\/2021\/08\/jason-briscoe-GliaHAJ3_5A-unsplash-300x180.jpg 300w, \/wp-content\/uploads\/2021\/08\/jason-briscoe-GliaHAJ3_5A-unsplash-768x460.jpg 768w, \/wp-content\/uploads\/2021\/08\/jason-briscoe-GliaHAJ3_5A-unsplash-1536x921.jpg 1536w, \/wp-content\/uploads\/2021\/08\/jason-briscoe-GliaHAJ3_5A-unsplash-2048x1227.jpg 2048w\" sizes=\"(max-width: 453px) 100vw, 453px\" \/><\/figure><\/div>\n\n\n\n<ul><li><strong>Macronutrientes<\/strong>: carboidratos n\u00e3o precisam ser restringidos, o consumo deve ser adequado \u00e0s necessidades nutricionais individuais. Tamb\u00e9m deve haver muita aten\u00e7\u00e3o ao consumo de gorduras e ao perfil de \u00e1cidos graxos consumidos;<\/li><\/ul>\n\n\n\n<ul><li><strong>Uso de edulcorantes<\/strong>: em possibilidade de acesso e compra de produtos mais naturais (est\u00e9via ou xilitol) a sugest\u00e3o e orienta\u00e7\u00e3o do consumo desses pode acontecer em substitui\u00e7\u00e3o dos comumente utilizados (aspartame, sacarina, sucralose);\u00a0<\/li><\/ul>\n\n\n\n<ul><li><strong>Orientar o consumo de a\u00e7\u00facar de mesa: <\/strong>dependendo da intensidade do quadro cl\u00ednico, do n\u00edvel de educa\u00e7\u00e3o nutricional, assim como do controle no consumo de carboidratos, n\u00e3o se faz necess\u00e1rio a substitui\u00e7\u00e3o por edulcorantes;\u00a0<\/li><\/ul>\n\n\n\n<ul><li><strong>Micronutrientes:<\/strong> uma aten\u00e7\u00e3o especial deve ser voltada para o \u00e1cido f\u00f3lico e a vitamina B12, quando h\u00e1 o uso de metformina. Tamb\u00e9m \u00e9 importante monitorar o consumo alimentar, e n\u00edveis plasm\u00e1ticos, de zinco, magn\u00e9sio e vitamina D. A suplementa\u00e7\u00e3o s\u00f3 \u00e9 indicada em casos de defici\u00eancia nutricional.<\/li><\/ul>\n\n\n\n<p>No nosso<a rel=\"noreferrer noopener\" href=\"https:\/\/www.allivici.com.br\" data-type=\"URL\" data-id=\"https:\/\/www.allivici.com.br\" target=\"_blank\"> software<\/a> o nutricionista consegue calcular cada refei\u00e7\u00e3o prescrita, se atentando para os macronutrientes, com a quantidade de carboidrato em cada refei\u00e7\u00e3o, como tamb\u00e9m aos micronutrientes!<\/p>\n\n\n\n<p><strong><span style=\"color:#4b9595\" class=\"has-inline-color\">Materiais t\u00e9cnicos e educativos <\/span><\/strong><\/p>\n\n\n\n<div class=\"wp-block-image\"><figure class=\"aligncenter size-large is-resized\"><img loading=\"lazy\" src=\"\/wp-content\/uploads\/2021\/11\/header_glic_prato_app-1536x864-1-1024x576.jpg\" alt=\"\" class=\"wp-image-845\" width=\"502\" height=\"282\" srcset=\"\/wp-content\/uploads\/2021\/11\/header_glic_prato_app-1536x864-1-1024x576.jpg 1024w, \/wp-content\/uploads\/2021\/11\/header_glic_prato_app-1536x864-1-300x169.jpg 300w, \/wp-content\/uploads\/2021\/11\/header_glic_prato_app-1536x864-1-768x432.jpg 768w, \/wp-content\/uploads\/2021\/11\/header_glic_prato_app-1536x864-1.jpg 1536w\" sizes=\"(max-width: 502px) 100vw, 502px\" \/><\/figure><\/div>\n\n\n\n<ul><li>Manual de Contagem de Carboidratos: material da Sociedade Brasileira de Diabetes, <a rel=\"noreferrer noopener\" href=\"https:\/\/www.yumpu.com\/pt\/document\/view\/59454710\/novo-manual-de-contagem-de-carboidratos\" data-type=\"URL\" data-id=\"https:\/\/www.yumpu.com\/pt\/document\/view\/59454710\/novo-manual-de-contagem-de-carboidratos\" target=\"_blank\">acesse aqui<\/a>.<\/li><\/ul>\n\n\n\n<ul><li>Aplicativo GLIC: contagem de carboidratos, suporte ao tratamento com lembretes, registro e transmiss\u00e3o dos dados de controle glic\u00eamico, c\u00e1lculo de insulina <em>bolus<\/em>. Confira em: <a href=\"https:\/\/gliconline.net\/\" target=\"_blank\" rel=\"noreferrer noopener\">gliconline.net<\/a> <\/li><\/ul>\n\n\n\n<ul><li>Atualiza\u00e7\u00e3o &#8211; Standards of Medical Care in Diabetes (2021): confira o material internacional mais recente <a href=\"https:\/\/care.diabetesjournals.org\/content\/44\/Supplement_1\" target=\"_blank\" rel=\"noreferrer noopener\">care.diabetesjournals.org\/content\/44\/Supplement_1<\/a>\u00a0<\/li><\/ul>\n\n\n\n<p><strong><span style=\"color:#4b9595\" class=\"has-inline-color\">P\u00e1ginas profissionais da \u00e1rea <\/span><\/strong><\/p>\n\n\n\n<div class=\"wp-block-image\"><figure class=\"aligncenter size-full is-resized\"><img loading=\"lazy\" src=\"\/wp-content\/uploads\/2021\/11\/Screen-Shot-2021-11-09-at-11.51.55-AM.png\" alt=\"\" class=\"wp-image-844\" width=\"523\" height=\"324\" srcset=\"\/wp-content\/uploads\/2021\/11\/Screen-Shot-2021-11-09-at-11.51.55-AM.png 887w, \/wp-content\/uploads\/2021\/11\/Screen-Shot-2021-11-09-at-11.51.55-AM-300x186.png 300w, \/wp-content\/uploads\/2021\/11\/Screen-Shot-2021-11-09-at-11.51.55-AM-768x477.png 768w\" sizes=\"(max-width: 523px) 100vw, 523px\" \/><\/figure><\/div>\n\n\n\n<ul><li><strong>Sociedade Brasileira de Diabetes<\/strong>: possui diversos materiais e <em>guidelines<\/em>, confira em <a href=\"https:\/\/www.diabetes.org.br\/publico\/\" target=\"_blank\" rel=\"noreferrer noopener\">diabetes.org.br\/publico\/<\/a>\u00a0<\/li><\/ul>\n\n\n\n<ul><li><strong>Associa\u00e7\u00e3o de Diabetes Juvenil<\/strong>: voc\u00ea encontra eventos, materiais e atendimento gratuito em <a href=\"https:\/\/adj.org.br\/viver-bem\/atendimentos-individuais\/\" target=\"_blank\" rel=\"noreferrer noopener\">adj.org.br\/<\/a>\u00a0<\/li><\/ul>\n\n\n\n<ul><li><strong>P\u00e1gina oficial Dia Mundial do Diabetes<\/strong>: outras informa\u00e7\u00f5es e materiais podem ser encontrados em <a rel=\"noreferrer noopener\" href=\"https:\/\/novembrodiabetesazul.com.br\" target=\"_blank\">novembrodiabetesazul.com.br<\/a><\/li><\/ul>\n\n\n\n<p><\/p>\n\n\n\n<p><strong>At\u00e9 mais!<\/strong><\/p>\n","protected":false},"excerpt":{"rendered":"<p>Diabetes Mellitus (DM) \u00e9 uma doen\u00e7a cr\u00f4nica multifatorial, na qual o corpo possui defici\u00eancia na s\u00edntese de insulina, ou em utilizar a que produz. Em lembrete ao Dia Mundial do Diabetes, n\u00f3s trouxemos estrat\u00e9gias nutricionais, materiais e p\u00e1ginas que abordam essa tem\u00e1tica t\u00e3o importante. <\/p>\n","protected":false},"author":9,"featured_media":843,"comment_status":"open","ping_status":"open","sticky":false,"template":"","format":"standard","meta":{"spay_email":""},"categories":[2],"tags":[28,185,168,142,100,115],"jetpack_featured_media_url":"\/wp-content\/uploads\/2021\/11\/glicose.png","jetpack-related-posts":[{"id":1311,"url":"https:\/\/blog.allivici.com\/index.php\/2022\/11\/10\/dia-mundial-do-diabetes\/","url_meta":{"origin":842,"position":0},"title":"Dia Mundial do Diabetes","date":"10 de novembro de 2022","format":false,"excerpt":"Pensando no Dia Mundial do Diabetes, n\u00f3s trouxemos estrat\u00e9gias nutricionais, materiais e p\u00e1ginas que abordam essa tem\u00e1tica t\u00e3o importante. Confira!","rel":"","context":"Em &quot;Atualidades&quot;","img":{"alt_text":"","src":"\/wp-content\/uploads\/2022\/11\/pexels-nataliya-vaitkevich-6940870-scaled.jpg","width":350,"height":200},"classes":[]},{"id":1604,"url":"https:\/\/blog.allivici.com\/index.php\/2023\/11\/14\/cuidado-nutricional-diabetes-mellitus\/","url_meta":{"origin":842,"position":1},"title":"Cuidado Nutricional: Diabetes Mellitus","date":"14 de novembro de 2023","format":false,"excerpt":"A cada ano, no dia 14 de novembro, o mundo todo \u00e9 lembrado sobre os cuidados de preven\u00e7\u00e3o e tratamento para Diabetes Mellitus. No Blog do Software Allivici j\u00e1 trouxemos diversas postagens sobre o tema. Relembre dos cuidados nutricionais necess\u00e1rios para essa condi\u00e7\u00e3o de sa\u00fade no texto de hoje!","rel":"","context":"Em &quot;Atualidades&quot;","img":{"alt_text":"","src":"\/wp-content\/uploads\/2023\/11\/Capas-Blog.png","width":350,"height":200},"classes":[]},{"id":1521,"url":"https:\/\/blog.allivici.com\/index.php\/2023\/06\/20\/dia-nacional-do-diabetes-cuidado-nutricional-no-dm\/","url_meta":{"origin":842,"position":2},"title":"Dia Nacional do Diabetes","date":"20 de junho de 2023","format":false,"excerpt":"Voc\u00ea j\u00e1 visitou o \u00faltimo update da Sociedade Brasileira de Diabetes? J\u00e1 conferiu a nossa aula com orienta\u00e7\u00f5es nutricionais importantes? Al\u00e9m das peculiaridades nutricionais em cada caso, o profissional tamb\u00e9m precisa considerar em suas prescri\u00e7\u00f5es o quanto a condi\u00e7\u00e3o atual do paciente impacta n\u00e3o apenas em seu cotidiano, mas tamb\u00e9m\u2026","rel":"","context":"Em &quot;Atualidades&quot;","img":{"alt_text":"","src":"\/wp-content\/uploads\/2023\/06\/2-e1686417376543.png","width":350,"height":200},"classes":[]},{"id":247,"url":"https:\/\/blog.allivici.com\/index.php\/2020\/02\/11\/247\/","url_meta":{"origin":842,"position":3},"title":"Atualmente, a estrat\u00e9gia jejum intermitente\u2026","date":"11 de fevereiro de 2020","format":false,"excerpt":"O jejum intermitente vem ganhando popularidade. Apesar de j\u00e1 existir h\u00e1 milhares de anos por raz\u00f5es religiosas e ambientais, os estudos v\u00eam se aprofundando nos \u00faltimos anos.","rel":"","context":"Em &quot;Emagrecimento&quot;","img":{"alt_text":"","src":"\/wp-content\/uploads\/2020\/02\/jejumpost.png","width":350,"height":200},"classes":[]},{"id":2683,"url":"https:\/\/blog.allivici.com\/index.php\/2025\/12\/02\/parte-ii-posicionamento-saude-cardiometabolica-ao-longo-do-ciclo-de-vida-da-mulher\/","url_meta":{"origin":842,"position":4},"title":"Parte II - Posicionamento: Sa\u00fade Cardiometab\u00f3lica ao Longo do Ciclo de Vida da Mulher","date":"2 de dezembro de 2025","format":false,"excerpt":"Da adolesc\u00eancia \u00e0 menopausa, diferentes fases e mudan\u00e7as aumentam o risco metab\u00f3lico e cardiovascular da mulher ao longo da vida. No texto anterior j\u00e1 falamos sobre os indicadores da sa\u00fade cardiometab\u00f3lica. Confira agora quais s\u00e3o as interven\u00e7\u00f5es nutricionais que desempenham um papel fundamental na preven\u00e7\u00e3o e no tratamentoPosicionamento: Sa\u00fade Cardiometab\u00f3lica\u2026","rel":"","context":"Em &quot;Atualidades&quot;","img":{"alt_text":"","src":"\/wp-content\/uploads\/2025\/11\/Capas-Blog-3-e1764546825811.png","width":350,"height":200},"classes":[]},{"id":323,"url":"https:\/\/blog.allivici.com\/index.php\/2021\/03\/05\/dia-mundial-da-obesidade\/","url_meta":{"origin":842,"position":5},"title":"Dia Mundial da Obesidade","date":"5 de mar\u00e7o de 2021","format":false,"excerpt":"Dia 04\/03 \u00e9 o Dia Mundial da Obesidade e o blog de hoje \u00e9 sobre o papel da escuta do nutricionista nessa condi\u00e7\u00e3o multifatorial de sa\u00fade, a qual ainda \u00e9 mal compreendida por muitos!","rel":"","context":"Em &quot;Atualidades&quot;","img":{"alt_text":"","src":"\/wp-content\/uploads\/2021\/03\/obesidade-e1637844630457.jpg","width":350,"height":200},"classes":[]}],"_links":{"self":[{"href":"https:\/\/blog.allivici.com\/index.php\/wp-json\/wp\/v2\/posts\/842"}],"collection":[{"href":"https:\/\/blog.allivici.com\/index.php\/wp-json\/wp\/v2\/posts"}],"about":[{"href":"https:\/\/blog.allivici.com\/index.php\/wp-json\/wp\/v2\/types\/post"}],"author":[{"embeddable":true,"href":"https:\/\/blog.allivici.com\/index.php\/wp-json\/wp\/v2\/users\/9"}],"replies":[{"embeddable":true,"href":"https:\/\/blog.allivici.com\/index.php\/wp-json\/wp\/v2\/comments?post=842"}],"version-history":[{"count":6,"href":"https:\/\/blog.allivici.com\/index.php\/wp-json\/wp\/v2\/posts\/842\/revisions"}],"predecessor-version":[{"id":1140,"href":"https:\/\/blog.allivici.com\/index.php\/wp-json\/wp\/v2\/posts\/842\/revisions\/1140"}],"wp:featuredmedia":[{"embeddable":true,"href":"https:\/\/blog.allivici.com\/index.php\/wp-json\/wp\/v2\/media\/843"}],"wp:attachment":[{"href":"https:\/\/blog.allivici.com\/index.php\/wp-json\/wp\/v2\/media?parent=842"}],"wp:term":[{"taxonomy":"category","embeddable":true,"href":"https:\/\/blog.allivici.com\/index.php\/wp-json\/wp\/v2\/categories?post=842"},{"taxonomy":"post_tag","embeddable":true,"href":"https:\/\/blog.allivici.com\/index.php\/wp-json\/wp\/v2\/tags?post=842"}],"curies":[{"name":"wp","href":"https:\/\/api.w.org\/{rel}","templated":true}]}}