{"id":529,"date":"2021-05-28T09:00:00","date_gmt":"2021-05-28T12:00:00","guid":{"rendered":"https:\/\/alliviciblog.wordpress.com\/?p=529"},"modified":"2021-05-28T09:00:00","modified_gmt":"2021-05-28T12:00:00","slug":"nutricao-alimentacao-e-saude-digestiva","status":"publish","type":"post","link":"https:\/\/blog.allivici.com\/index.php\/2021\/05\/28\/nutricao-alimentacao-e-saude-digestiva\/","title":{"rendered":"Nutri\u00e7\u00e3o, alimenta\u00e7\u00e3o e sa\u00fade digestiva"},"content":{"rendered":"\n<p>Amanh\u00e3 (29\/05) \u00e9 o <strong>Dia Mundial da Sa\u00fade Digestiva<\/strong>, data que concede maior aten\u00e7\u00e3o e conscientiza\u00e7\u00e3o sobre a import\u00e2ncia da preven\u00e7\u00e3o e diagn\u00f3stico precoce das doen\u00e7as do aparelho gastrointestinal (<a href=\"http:\/\/bvsms.saude.gov.br\/ultimas-noticias\/3198-29-5-dia-mundial-da-saude-digestiva\">1<\/a>).<\/p>\n\n\n\n<p>A sa\u00fade da microbiota intestinal \u00e9 uma tem\u00e1tica muito discutida. Pensando nisso, trouxemos a <strong>tradu\u00e7\u00e3o e adapta\u00e7\u00e3o<\/strong> de uma revis\u00e3o sobre o papel da alimenta\u00e7\u00e3o na composi\u00e7\u00e3o da microbiota intestinal.\u00a0<\/p>\n\n\n\n<p><strong>Introdu\u00e7\u00e3o<\/strong><\/p>\n\n\n\n<p>O ser humano \u00e9 formado por mais c\u00e9lulas microbianas do que humanas. Mudan\u00e7as na <strong>composi\u00e7\u00e3o<\/strong> da microbiota intestinal, as quais podem ser causadas pela alimenta\u00e7\u00e3o, resultam em diversas consequ\u00eancias para o hospedeiro e impactam nos <strong>processos fisiol\u00f3gicos<\/strong>.\u00a0<\/p>\n\n\n\n<p><strong>M\u00e9todos<\/strong><\/p>\n\n\n\n<p>Os estudos foram realizadas entre 2010 e 2018, apenas conduzidos em humanos e todos realizados em indiv\u00edduos adultos e saud\u00e1veis.\u00a0<\/p>\n\n\n\n<p><strong>Resultados e Discuss\u00e3o&nbsp;<\/strong><\/p>\n\n\n\n<p>Trinta e oito estudos sobre os <strong>nutrientes que impactam a microbiota intestinal <\/strong>foram inclu\u00eddos nesta revis\u00e3o. Os resultados foram segmentados em: consumo cal\u00f3rico, macro e micronutrientes, al\u00e9m de alimentos e nutrientes espec\u00edficos.\u00a0<\/p>\n\n\n\n<p><em><span style=\"color:#0c8384;\" class=\"has-inline-color\">Calorias<\/span><\/em>: o <strong>excesso cal\u00f3rico<\/strong> entre refei\u00e7\u00f5es com a mesma composi\u00e7\u00e3o nutricional resultou em altera\u00e7\u00f5es na diversidade da microbiota, reduzindo <em>Bacteroidetes<\/em> e aumentando <em>Firmicutes; <\/em>n\u00e3o sendo um fator preditivo de forma isolada, mas que pode levar a impactos negativos a longo prazo.\u00a0<\/p>\n\n\n\n<p><em><span style=\"color:#0c8384;\" class=\"has-inline-color\">Carboidratos<\/span><\/em>: o tipo, quantidade e composi\u00e7\u00e3o pode influenciar na diversidade microbiana. Um consumo alimentar rico em <strong>fibras<\/strong> \u00e9 mais ben\u00e9fico, pois carboidratos n\u00e3o diger\u00edveis funcionam como substrato energ\u00e9tico para a microbiota.<\/p>\n\n\n\n<p><em><span style=\"color:#0c8384;\" class=\"has-inline-color\">Gordura e Prote\u00edna<\/span><\/em>: uma dieta on\u00edvora rica em gordura e prote\u00edna, por\u00e9m baixa em fibras, pode afetar negativamente a composi\u00e7\u00e3o e funcionalidade da microbiota intestinal. Principalmente pela possibilidade de maior forma\u00e7\u00e3o de <strong>N-\u00f3xido de trimetilamina <\/strong>(TMAO).<\/p>\n\n\n\n<p><em><span style=\"color:#0c8384;\" class=\"has-inline-color\">M<\/span><\/em><span style=\"color:#0c8384;\" class=\"has-inline-color\"><em>icronutrientes<\/em><\/span>: um estado de disbiose pode comprometer a absor\u00e7\u00e3o de diversos micronutrientes. H\u00e1 tamb\u00e9m uma <strong>rela\u00e7\u00e3o bidirecional<\/strong>, a microbiota intestinal utiliza e produz nutrientes, por isso o equil\u00edbrio da mesma \u00e9 essencial para a sa\u00fade.<\/p>\n\n\n\n<p><em><span style=\"color:#0c8384;\" class=\"has-inline-color\">Vinho, frutas vermelhas, cacau e ch\u00e1<\/span><\/em>: esses alimentos possuem <strong>compostos<\/strong> com potencial benef\u00edcio, como: antocianinas (vinho), elagitaninos (frutas vermelhas), flavon\u00f3ides (cacau), catequinas e \u00e1cido g\u00e1lico (ch\u00e1).\u00a0<\/p>\n\n\n\n<p><strong>Conclus\u00e3o\u00a0<\/strong><\/p>\n\n\n\n<p>O consumo diet\u00e9tico, principalmente de fibras, afeta a composi\u00e7\u00e3o da microbiota intestinal. Futuros estudos s\u00e3o necess\u00e1rios com mais \u00eanfase na fun\u00e7\u00e3o (metabol\u00f4mica), n\u00e3o apenas na composi\u00e7\u00e3o (gen\u00f4mica) da microbiota intestinal.\u00a0<\/p>\n\n\n\n<p>Para acesso ao artigo na \u00edntegra acesse esse <a href=\"https:\/\/academic.oup.com\/nutritionreviews\/article\/78\/10\/798\/5811361\" target=\"_blank\" rel=\"noreferrer noopener\">link <\/a>\ud83d\ude42<\/p>\n\n\n\n<p><strong>Boa leitura, at\u00e9 mais!\u00a0<\/strong><\/p>\n","protected":false},"excerpt":{"rendered":"<p>A sa\u00fade da microbiota intestinal \u00e9 uma tem\u00e1tica muito discutida. Pensando nisso, trouxemos a tradu\u00e7\u00e3o e adapta\u00e7\u00e3o de uma revis\u00e3o sobre o papel da alimenta\u00e7\u00e3o na sua composi\u00e7\u00e3o. Saiba quais nutrientes merecem aten\u00e7\u00e3o lendo esse blog na \u00edntegra!<\/p>\n","protected":false},"author":9,"featured_media":533,"comment_status":"open","ping_status":"open","sticky":false,"template":"","format":"standard","meta":{"spay_email":""},"categories":[2],"tags":[13,15,16,46,57,73,86,87,96,101,115,120],"jetpack_featured_media_url":"\/wp-content\/uploads\/2021\/05\/blog-2-e1622033580587.jpg","jetpack-related-posts":[{"id":932,"url":"https:\/\/blog.allivici.com\/index.php\/2022\/03\/10\/cuidado-nutricional-doencas-digestivas\/","url_meta":{"origin":529,"position":0},"title":"Cuidado Nutricional: Doen\u00e7as Digestivas","date":"10 de mar\u00e7o de 2022","format":false,"excerpt":"As doen\u00e7as digestivas tamb\u00e9m s\u00e3o muito influenciadas pela alimenta\u00e7\u00e3o. A atua\u00e7\u00e3o de um nutricionista \u00e9 de extrema relev\u00e2ncia, principalmente diante de outros fatores de risco e no caso da presen\u00e7a de intoler\u00e2ncias e alergias alimentares.\u00a0De fato, a sa\u00fade da microbiota intestinal \u00e9 uma tem\u00e1tica muito discutida nos \u00faltimos anos. Por\u2026","rel":"","context":"Em &quot;Atualidades&quot;","img":{"alt_text":"","src":"\/wp-content\/uploads\/2022\/02\/gut-microbiome_G_1124678428-e1644350880245.jpg","width":350,"height":200},"classes":[]},{"id":1501,"url":"https:\/\/blog.allivici.com\/index.php\/2023\/05\/23\/dia-mundial-da-saude-digestiva-como-cuidar\/","url_meta":{"origin":529,"position":1},"title":"Dia Mundial da Sa\u00fade Digestiva: Como cuidar?","date":"23 de maio de 2023","format":false,"excerpt":"A sa\u00fade digestiva engloba diversos fatores importantes do nosso cotidiano. Desde a alimenta\u00e7\u00e3o at\u00e9 fatores emocionais podem causar impacto no que \u00e9 chamado de microbiota. Como o nutricionista pode auxiliar no cuidado da sa\u00fade digestiva?\u00a0","rel":"","context":"Em &quot;Atualidades&quot;","img":{"alt_text":"","src":"\/wp-content\/uploads\/2023\/05\/Imagem-intestino-e1683129593623.jpg","width":350,"height":200},"classes":[]},{"id":1264,"url":"https:\/\/blog.allivici.com\/index.php\/2022\/09\/22\/artigo-cientifico-como-a-pratica-de-atividade-fisica-impacta-na-microbiota-intestinal\/","url_meta":{"origin":529,"position":2},"title":"Artigo Cient\u00edfico: Como a pr\u00e1tica de atividade f\u00edsica impacta na microbiota intestinal?","date":"22 de setembro de 2022","format":false,"excerpt":"H\u00e1 diversos fatores que impactam a composi\u00e7\u00e3o da microbiota intestinal, como o uso cr\u00f4nico de medica\u00e7\u00f5es, dieta, estilo de vida, condi\u00e7\u00f5es de sa\u00fade e o envelhecimento. Uma rotina ativa impacta na composi\u00e7\u00e3o corporal e no melhor manejo de doen\u00e7as como diabetes, por exemplo. Inclusive, pode impactar at\u00e9 na sa\u00fade intestinal.\u2026","rel":"","context":"Em &quot;Atualidades&quot;","img":{"alt_text":"","src":"\/wp-content\/uploads\/2022\/09\/pexels-anna-shvets-5067732-1-scaled-e1663546011553.jpg","width":350,"height":200},"classes":[]},{"id":612,"url":"https:\/\/blog.allivici.com\/index.php\/2021\/07\/09\/nutricao-alergias-alimentares-e-microbiota-intestinal\/","url_meta":{"origin":529,"position":3},"title":"Nutri\u00e7\u00e3o, alergias alimentares e microbiota intestinal","date":"9 de julho de 2021","format":false,"excerpt":"Voc\u00ea sabe qual\u00a0 o papel do nutricionista no tratamento das alergias alimentares? \u00c9 importante mencionar que o diagn\u00f3stico para alergias, inclusive alimentares, \u00e9 sempre realizado por m\u00e9dicos. Nesse blog falamos sobre a atua\u00e7\u00e3o do nutricionista e sugerimos materiais para se aprofundar no assunto!","rel":"","context":"Em &quot;Atualidades&quot;","img":{"alt_text":"","src":"https:\/\/alliviciblog.files.wordpress.com\/2021\/07\/screen-shot-2021-07-08-at-12.59.29-pm.png?w=350&h=200&crop=1","width":350,"height":200},"classes":[]},{"id":1839,"url":"https:\/\/blog.allivici.com\/index.php\/2024\/07\/23\/artigo-cientifico-tratamentos-para-sindrome-do-intestino-irritavel-parte-i\/","url_meta":{"origin":529,"position":4},"title":"Artigo Cient\u00edfico: Tratamentos para S\u00edndrome do Intestino Irrit\u00e1vel (Parte I)","date":"23 de julho de 2024","format":false,"excerpt":"No texto de hoje vamos conhecer um pouco mais sobre os poss\u00edveis tratamentos em pacientes com S\u00edndrome do Intestino Irrit\u00e1vel (SII). O artigo em quest\u00e3o avaliou o papel que a microbiota intestinal exerce nessa condi\u00e7\u00e3o, al\u00e9m de explicar com profundidade qual \u00e9 a efic\u00e1cia de probi\u00f3ticos, prebi\u00f3ticos, simbi\u00f3ticos e do\u2026","rel":"","context":"Em &quot;Atualidades&quot;","img":{"alt_text":"","src":"\/wp-content\/uploads\/2024\/07\/Capas-Blog-1.png","width":350,"height":200},"classes":[]},{"id":354,"url":"https:\/\/blog.allivici.com\/index.php\/2021\/03\/12\/novo-posicionamento-sobre-consumo-de-gorduras\/","url_meta":{"origin":529,"position":5},"title":"Novo posicionamento sobre consumo de gorduras","date":"12 de mar\u00e7o de 2021","format":false,"excerpt":"A Sociedade Brasileira de Cardiologia divulgou um Posicionamento sobre o Consumo de Gorduras e Sa\u00fade Cardiovascular. O que h\u00e1 de evid\u00eancia nessa tem\u00e1tica atualmente?","rel":"","context":"Em &quot;Atualidades&quot;","img":{"alt_text":"","src":"\/wp-content\/uploads\/2021\/03\/imagem-gorduras-blog-e1758594772318.jpg","width":350,"height":200},"classes":[]}],"_links":{"self":[{"href":"https:\/\/blog.allivici.com\/index.php\/wp-json\/wp\/v2\/posts\/529"}],"collection":[{"href":"https:\/\/blog.allivici.com\/index.php\/wp-json\/wp\/v2\/posts"}],"about":[{"href":"https:\/\/blog.allivici.com\/index.php\/wp-json\/wp\/v2\/types\/post"}],"author":[{"embeddable":true,"href":"https:\/\/blog.allivici.com\/index.php\/wp-json\/wp\/v2\/users\/9"}],"replies":[{"embeddable":true,"href":"https:\/\/blog.allivici.com\/index.php\/wp-json\/wp\/v2\/comments?post=529"}],"version-history":[{"count":1,"href":"https:\/\/blog.allivici.com\/index.php\/wp-json\/wp\/v2\/posts\/529\/revisions"}],"predecessor-version":[{"id":1499,"href":"https:\/\/blog.allivici.com\/index.php\/wp-json\/wp\/v2\/posts\/529\/revisions\/1499"}],"wp:featuredmedia":[{"embeddable":true,"href":"https:\/\/blog.allivici.com\/index.php\/wp-json\/wp\/v2\/media\/533"}],"wp:attachment":[{"href":"https:\/\/blog.allivici.com\/index.php\/wp-json\/wp\/v2\/media?parent=529"}],"wp:term":[{"taxonomy":"category","embeddable":true,"href":"https:\/\/blog.allivici.com\/index.php\/wp-json\/wp\/v2\/categories?post=529"},{"taxonomy":"post_tag","embeddable":true,"href":"https:\/\/blog.allivici.com\/index.php\/wp-json\/wp\/v2\/tags?post=529"}],"curies":[{"name":"wp","href":"https:\/\/api.w.org\/{rel}","templated":true}]}}