{"id":2834,"date":"2026-04-30T07:00:00","date_gmt":"2026-04-30T10:00:00","guid":{"rendered":"https:\/\/alliviciblog.azurewebsites.net\/?p=2834"},"modified":"2026-04-29T12:11:23","modified_gmt":"2026-04-29T15:11:23","slug":"artigo-cientifico-risco-de-deficiencias-nutricionais-com-uso-de-glp-1-para-obesidade","status":"publish","type":"post","link":"https:\/\/blog.allivici.com\/index.php\/2026\/04\/30\/artigo-cientifico-risco-de-deficiencias-nutricionais-com-uso-de-glp-1-para-obesidade\/","title":{"rendered":"Artigo Cient\u00edfico: Risco de defici\u00eancias nutricionais com uso de GLP-1 para obesidade"},"content":{"rendered":"\n<p>A obesidade \u00e9 uma <strong>condi\u00e7\u00e3o cr\u00f4nica multifatorial <\/strong>associada a altera\u00e7\u00f5es metab\u00f3licas, inflamat\u00f3rias e nutricionais.  Nos \u00faltimos anos, terapias baseadas em <strong>agonistas do receptor de GLP-1 e agonistas duplos<\/strong> t\u00eam se consolidado como estrat\u00e9gias eficazes para o manejo do peso corporal, promovendo perda ponderal significativa. <\/p>\n\n\n\n<p>Essa evolu\u00e7\u00e3o no <strong>tratamento<\/strong> \u00e9 muito importante, pois exerce grande <strong>impacto<\/strong> na sa\u00fade p\u00fablica. No entanto, apesar dos benef\u00edcios cl\u00ednicos, essas terapias exercem mudan\u00e7as no <strong>estado<\/strong> <strong>nutricional<\/strong> que precisam ser consideradas com aten\u00e7\u00e3o, como o <strong>risco<\/strong> de defici\u00eancias de micronutrientes.<\/p>\n\n\n\n<p>Do ponto de vista fisiopatol\u00f3gico, a obesidade pode cursar com inadequa\u00e7\u00f5es nutricionais, mas o tratamento com GLP-1 <strong>potencializa<\/strong> <strong>esse<\/strong> <strong>cen\u00e1rio<\/strong> ao reduzir o apetite, aumentar a saciedade e retardar o esvaziamento g\u00e1strico, promovendo redu\u00e7\u00e3o significativa da ingest\u00e3o energ\u00e9tica di\u00e1ria. <\/p>\n\n\n\n<p>Estima-se que com a medica\u00e7\u00e3o h\u00e1 <strong>redu\u00e7\u00e3o<\/strong> da ingest\u00e3o cal\u00f3rica em at\u00e9 20\u201330%, impactando diretamente a ingest\u00e3o de micronutrientes. Al\u00e9m disso, <strong>eventos<\/strong> <strong>adversos<\/strong> gastrointestinais, como n\u00e1useas e v\u00f4mitos, relatados em at\u00e9 20\u201340% dos pacientes, podem comprometer ainda mais o consumo alimentar.<\/p>\n\n\n\n<p><strong>Metodologia<\/strong><\/p>\n\n\n\n<p>O artigo em quest\u00e3o \u00e9 uma <strong>revis\u00e3o<\/strong> que sintetizou evid\u00eancias publicadas entre <strong>2010 e 2026<\/strong> sobre o impacto das terapias incret\u00ednicas no estado nutricional de indiv\u00edduos com obesidade. Foram inclu\u00eddos ensaios cl\u00ednicos, estudos observacionais e an\u00e1lises de farmacovigil\u00e2ncia que avaliaram ingest\u00e3o alimentar, marcadores bioqu\u00edmicos e desfechos cl\u00ednicos relacionados a defici\u00eancias de micronutrientes em pacientes em uso de agonistas de GLP-1.<\/p>\n\n\n\n<p><strong>Resultados e Discuss\u00e3o<\/strong><\/p>\n\n\n\n<p>Dados de farmacovigil\u00e2ncia e estudos observacionais mostram que at\u00e9 22,4% dos pacientes apresentam diagn\u00f3sticos relacionados a defici\u00eancias nutricionais cerca de 12 meses ap\u00f3s o tratamento. Entre as <strong>altera\u00e7\u00f5es<\/strong> <strong>mais<\/strong> <strong>frequentes<\/strong> est\u00e3o defici\u00eancias vitam\u00ednicas, anemia por defici\u00eancia de ferro e dist\u00farbios hidroeletrol\u00edticos.<\/p>\n\n\n\n<p>Estudos de ingest\u00e3o alimentar demonstram inadequa\u00e7\u00e3o frequente no consumo de <strong>c\u00e1lcio<\/strong>, <strong>ferro<\/strong>, <strong>magn\u00e9sio<\/strong> e <strong>pot\u00e1ssio<\/strong>, al\u00e9m de <strong>vitaminas<\/strong> A, D, E e K. Em alguns estudos, a <strong>ingest\u00e3o<\/strong> <strong>proteica<\/strong> di\u00e1ria ficou abaixo das recomenda\u00e7\u00f5es em mais de 30% dos pacientes, enquanto a ingest\u00e3o de <strong>fibras<\/strong> permaneceu inferior ao recomendado ao longo do tratamento.<\/p>\n\n\n\n<div class=\"wp-block-image\"><figure class=\"aligncenter size-large is-resized\"><img loading=\"lazy\" src=\"\/wp-content\/uploads\/2026\/04\/Screen-Shot-2026-04-29-at-11.53.26-AM-1024x629.png\" alt=\"\" class=\"wp-image-2839\" width=\"646\" height=\"396\" srcset=\"\/wp-content\/uploads\/2026\/04\/Screen-Shot-2026-04-29-at-11.53.26-AM-1024x629.png 1024w, \/wp-content\/uploads\/2026\/04\/Screen-Shot-2026-04-29-at-11.53.26-AM-300x184.png 300w, \/wp-content\/uploads\/2026\/04\/Screen-Shot-2026-04-29-at-11.53.26-AM-768x472.png 768w, \/wp-content\/uploads\/2026\/04\/Screen-Shot-2026-04-29-at-11.53.26-AM.png 1057w\" sizes=\"(max-width: 646px) 100vw, 646px\" \/><\/figure><\/div>\n\n\n\n<p>Al\u00e9m da ingest\u00e3o reduzida, altera\u00e7\u00f5es fisiol\u00f3gicas podem contribuir para esse cen\u00e1rio. Evid\u00eancias indicam r<strong>edu\u00e7\u00e3o significativa na absor\u00e7\u00e3o de ferro<\/strong> ap\u00f3s o uso de semaglutida, com impacto em marcadores como ferritina e hemoglobina. <\/p>\n\n\n\n<p>Eventos adversos gastrointestinais persistentes tamb\u00e9m contribuem para menor ingest\u00e3o alimentar. Em casos mais graves, foram descritas complica\u00e7\u00f5es como defici\u00eancia de <strong>tiamina<\/strong>, evidenciando que o impacto pode ultrapassar altera\u00e7\u00f5es subcl\u00ednicas e alcan\u00e7ar relev\u00e2ncia cl\u00ednica.<\/p>\n\n\n\n<p><strong>Limita\u00e7\u00f5es <\/strong><\/p>\n\n\n\n<p>H\u00e1 predomin\u00e2ncia de estudos observacionais, <strong>heterogeneidade<\/strong> <strong>metodol\u00f3gica<\/strong> e aus\u00eancia de padroniza\u00e7\u00e3o na avalia\u00e7\u00e3o de micronutrientes. Al\u00e9m disso, muitos estudos <strong>n\u00e3o<\/strong> consideram o estado nutricional basal, al\u00e9m da <strong>escassez<\/strong> de ensaios cl\u00ednicos randomizados com foco em desfechos nutricionais.<\/p>\n\n\n\n<p><strong>Conclus\u00e3o<\/strong><\/p>\n\n\n\n<p>As terapias com GLP-1 representam um <strong>avan\u00e7o no tratamento da obesidade<\/strong>, promovendo uma perda de peso consistente e clinicamente significativa. No entanto, o tratamento est\u00e1 associado a um <strong>risco<\/strong> <strong>aumentado<\/strong> de inadequa\u00e7\u00f5es e defici\u00eancias nutricionais. A incorpora\u00e7\u00e3o de <strong>monitoramento<\/strong> nutricional sistem\u00e1tico e estrat\u00e9gias diet\u00e9ticas individualizadas \u00e9 essencial para garantir a <strong>seguran\u00e7a<\/strong> e a <strong>efetividade<\/strong> do tratamento a longo prazo.<\/p>\n\n\n\n<p><strong>Confira o artigo na \u00edntegra:<\/strong> <a href=\"https:\/\/www.mdpi.com\/2072-6643\/18\/4\/677\" target=\"_blank\" rel=\"noreferrer noopener\">https:\/\/www.mdpi.com\/2072-6643\/18\/4\/677<\/a><\/p>\n\n\n\n<p><strong>At\u00e9 mais!<\/strong><\/p>\n","protected":false},"excerpt":{"rendered":"<p>As terapias com GLP-1 representam um avan\u00e7o no tratamento da obesidade, promovendo uma perda de peso consistente e clinicamente significativa. No entanto, o tratamento est\u00e1 associado a um risco aumentado de inadequa\u00e7\u00f5es e defici\u00eancias nutricionais. Confira mais sobre esse tema! <\/p>\n","protected":false},"author":9,"featured_media":2835,"comment_status":"open","ping_status":"open","sticky":false,"template":"","format":"standard","meta":{"spay_email":""},"categories":[2],"tags":[308,371,291,431,115],"jetpack_featured_media_url":"\/wp-content\/uploads\/2026\/04\/Capas-Blog-2-e1777257389432.png","jetpack-related-posts":[{"id":323,"url":"https:\/\/blog.allivici.com\/index.php\/2021\/03\/05\/dia-mundial-da-obesidade\/","url_meta":{"origin":2834,"position":0},"title":"Dia Mundial da Obesidade","date":"5 de mar\u00e7o de 2021","format":false,"excerpt":"Dia 04\/03 \u00e9 o Dia Mundial da Obesidade e o blog de hoje \u00e9 sobre o papel da escuta do nutricionista nessa condi\u00e7\u00e3o multifatorial de sa\u00fade, a qual ainda \u00e9 mal compreendida por muitos!","rel":"","context":"Em &quot;Atualidades&quot;","img":{"alt_text":"","src":"\/wp-content\/uploads\/2021\/03\/obesidade-e1637844630457.jpg","width":350,"height":200},"classes":[]},{"id":2683,"url":"https:\/\/blog.allivici.com\/index.php\/2025\/12\/02\/parte-ii-posicionamento-saude-cardiometabolica-ao-longo-do-ciclo-de-vida-da-mulher\/","url_meta":{"origin":2834,"position":1},"title":"Parte II - Posicionamento: Sa\u00fade Cardiometab\u00f3lica ao Longo do Ciclo de Vida da Mulher","date":"2 de dezembro de 2025","format":false,"excerpt":"Da adolesc\u00eancia \u00e0 menopausa, diferentes fases e mudan\u00e7as aumentam o risco metab\u00f3lico e cardiovascular da mulher ao longo da vida. No texto anterior j\u00e1 falamos sobre os indicadores da sa\u00fade cardiometab\u00f3lica. Confira agora quais s\u00e3o as interven\u00e7\u00f5es nutricionais que desempenham um papel fundamental na preven\u00e7\u00e3o e no tratamentoPosicionamento: Sa\u00fade Cardiometab\u00f3lica\u2026","rel":"","context":"Em &quot;Atualidades&quot;","img":{"alt_text":"","src":"\/wp-content\/uploads\/2025\/11\/Capas-Blog-3-e1764546825811.png","width":350,"height":200},"classes":[]},{"id":942,"url":"https:\/\/blog.allivici.com\/index.php\/2022\/02\/24\/ha-relacao-entre-alimentacao-depressao-e-ansiedade\/","url_meta":{"origin":2834,"position":2},"title":"H\u00e1 rela\u00e7\u00e3o entre alimenta\u00e7\u00e3o, depress\u00e3o e ansiedade?","date":"24 de fevereiro de 2022","format":false,"excerpt":"Novos estudos sugerem que a dieta pode exercer um papel na preven\u00e7\u00e3o e tratamento da depress\u00e3o e ansiedade. Buscando trazer maior esclarecimento entre a poss\u00edvel associa\u00e7\u00e3o, trouxemos um artigo recente sobre o tema. Afinal, estrat\u00e9gias nutricionais podem prevenir, recuperar ou auxiliar no tratamento de tais condi\u00e7\u00f5es?","rel":"","context":"Em &quot;Atualidades&quot;","img":{"alt_text":"","src":"\/wp-content\/uploads\/2021\/04\/surface-tqmnnr9odys-unsplash.jpg","width":350,"height":200},"classes":[]},{"id":551,"url":"https:\/\/blog.allivici.com\/index.php\/2021\/06\/11\/obesidade-infantil-qual-deve-ser-o-foco\/","url_meta":{"origin":2834,"position":3},"title":"Obesidade infantil, qual deve ser o foco?","date":"11 de junho de 2021","format":false,"excerpt":"Na \u00faltima quinta-feira (03\/06) foi o Dia da Conscientiza\u00e7\u00e3o Contra a Obesidade M\u00f3rbida Infantil. Uma revis\u00e3o sistem\u00e1tica das guidelines para obesidade infantil em pa\u00edses desenvolvidos avaliou como estrat\u00e9gias de preven\u00e7\u00e3o s\u00e3o inseridas dentro do contexto educacional e de cuidado infantil. Confira a tradu\u00e7\u00e3o e adapta\u00e7\u00e3o do artigo na \u00edntegra!","rel":"","context":"Em &quot;Atualidades&quot;","img":{"alt_text":"","src":"\/wp-content\/uploads\/2021\/06\/blog-e1623271206270.jpg","width":350,"height":200},"classes":[]},{"id":513,"url":"https:\/\/blog.allivici.com\/index.php\/2021\/05\/14\/estrategias-nutricionais-no-tratamento-de-lupus\/","url_meta":{"origin":2834,"position":4},"title":"Estrat\u00e9gias Nutricionais no Tratamento de L\u00fapus","date":"14 de maio de 2021","format":false,"excerpt":"A \u00faltima segunda-feira (10\/05) foi o Dia Mundial do L\u00fapus, por ser uma doen\u00e7a cr\u00f4nica \u00e9 essencial que o tratamento seja o mais integrativo poss\u00edvel, contando com o apoio de outros profissionais, como o nutricionista.\u00a0Conhe\u00e7a estrat\u00e9gias nutricionais que podem ser usadas no tratamento do L\u00fapus.","rel":"","context":"Em &quot;Atualidades&quot;","img":{"alt_text":"","src":"\/wp-content\/uploads\/2021\/05\/blog-e1620825475992.jpg","width":350,"height":200},"classes":[]},{"id":904,"url":"https:\/\/blog.allivici.com\/index.php\/2022\/02\/06\/atuacao-do-nutricionista-na-oncologia\/","url_meta":{"origin":2834,"position":5},"title":"Atua\u00e7\u00e3o do nutricionista na oncologia","date":"6 de fevereiro de 2022","format":false,"excerpt":"A atua\u00e7\u00e3o do nutricionista na \u00e1rea oncol\u00f3gica \u00e9 imprescind\u00edvel, uma vez que a terapia nutricional espec\u00edfica pode auxiliar tanto na resposta ao tratamento, como na melhora de sintomas que s\u00e3o desencadeados. Confira algumas estrat\u00e9gias que podem ser de grande aux\u00edlio.","rel":"","context":"Em &quot;Estudante de Nutri\u00e7\u00e3o&quot;","img":{"alt_text":"","src":"\/wp-content\/uploads\/2022\/02\/dose-juice-ocnsb17U6FE-unsplash-scaled-e1643984365821.jpg","width":350,"height":200},"classes":[]}],"_links":{"self":[{"href":"https:\/\/blog.allivici.com\/index.php\/wp-json\/wp\/v2\/posts\/2834"}],"collection":[{"href":"https:\/\/blog.allivici.com\/index.php\/wp-json\/wp\/v2\/posts"}],"about":[{"href":"https:\/\/blog.allivici.com\/index.php\/wp-json\/wp\/v2\/types\/post"}],"author":[{"embeddable":true,"href":"https:\/\/blog.allivici.com\/index.php\/wp-json\/wp\/v2\/users\/9"}],"replies":[{"embeddable":true,"href":"https:\/\/blog.allivici.com\/index.php\/wp-json\/wp\/v2\/comments?post=2834"}],"version-history":[{"count":5,"href":"https:\/\/blog.allivici.com\/index.php\/wp-json\/wp\/v2\/posts\/2834\/revisions"}],"predecessor-version":[{"id":2841,"href":"https:\/\/blog.allivici.com\/index.php\/wp-json\/wp\/v2\/posts\/2834\/revisions\/2841"}],"wp:featuredmedia":[{"embeddable":true,"href":"https:\/\/blog.allivici.com\/index.php\/wp-json\/wp\/v2\/media\/2835"}],"wp:attachment":[{"href":"https:\/\/blog.allivici.com\/index.php\/wp-json\/wp\/v2\/media?parent=2834"}],"wp:term":[{"taxonomy":"category","embeddable":true,"href":"https:\/\/blog.allivici.com\/index.php\/wp-json\/wp\/v2\/categories?post=2834"},{"taxonomy":"post_tag","embeddable":true,"href":"https:\/\/blog.allivici.com\/index.php\/wp-json\/wp\/v2\/tags?post=2834"}],"curies":[{"name":"wp","href":"https:\/\/api.w.org\/{rel}","templated":true}]}}