{"id":2149,"date":"2024-12-10T14:00:00","date_gmt":"2024-12-10T17:00:00","guid":{"rendered":"https:\/\/alliviciblog.azurewebsites.net\/?p=2149"},"modified":"2025-01-15T19:44:00","modified_gmt":"2025-01-15T22:44:00","slug":"tutorial-allivici-solicitar-e-avaliar-exames-laboratoriais","status":"publish","type":"post","link":"https:\/\/blog.allivici.com\/index.php\/2024\/12\/10\/tutorial-allivici-solicitar-e-avaliar-exames-laboratoriais\/","title":{"rendered":"Tutorial Allivici: Solicitar e avaliar exames laboratoriais"},"content":{"rendered":"\n<p>A solicita\u00e7\u00e3o de exames \u00e9 uma etapa muito <strong>importante para o acompanhamento nutricional<\/strong>. Pois, a partir dos resultados que a prescri\u00e7\u00e3o diet\u00e9tica, assim como a suplementa\u00e7\u00e3o, podem ser ainda mais individualizadas! <\/p>\n\n\n\n<p>\u00c9 essencial que o profissional saiba <strong>quais exames solicitar<\/strong> em cada quadro cl\u00ednico, assim como interpretar os seus resultados. <\/p>\n\n\n\n<p>O Conselho Federal de Nutri\u00e7\u00e3o (CFN) tem uma <a rel=\"noreferrer noopener\" href=\"https:\/\/www.cfn.org.br\/index.php\/noticias\/cfn-divulga-recomendacao-sobre-exames-laboratoriais\/\" data-type=\"URL\" data-id=\"https:\/\/www.cfn.org.br\/index.php\/noticias\/cfn-divulga-recomendacao-sobre-exames-laboratoriais\/\" target=\"_blank\">recomenda\u00e7\u00e3o<\/a> bem estabelecida sobre essa <strong>atribui\u00e7\u00e3o<\/strong>, j\u00e1 que existem limita\u00e7\u00f5es. No entanto, algumas j\u00e1 est\u00e3o sendo discutidas para que os nutricionistas possam desenvolver o seu trabalho com maior autonomia, como no <a rel=\"noreferrer noopener\" href=\"https:\/\/www.cfn.org.br\/index.php\/noticias\/cfn-reforca-urgencia-na-tramitacao-do-pl-dos-exames-laboratoriais\/\" data-type=\"URL\" data-id=\"https:\/\/www.cfn.org.br\/index.php\/noticias\/cfn-reforca-urgencia-na-tramitacao-do-pl-dos-exames-laboratoriais\/\" target=\"_blank\">PL n\u00ba 5881\/2019<\/a>. <\/p>\n\n\n\n<p><span style=\"color:#0071a1\" class=\"has-inline-color\"><strong>Durante o desenvolvimento do Software Allivici a etapa de solicita\u00e7\u00e3o e avalia\u00e7\u00e3o de exames foi pensada com muito cuidado, para que fosse de f\u00e1cil compreens\u00e3o, principalmente para quem acabou de se formar<\/strong><\/span>: <\/p>\n\n\n\n<p><strong>Confira como fazer isso com o nosso sistema: <\/strong><\/p>\n\n\n\n<ol><li>No <em>menu lateral<\/em> clique em <strong>Lista de Exames<\/strong> para encontrar os <strong>valores recomendados<\/strong> (diferente dos valores de laborat\u00f3rios) para cada exame. \u00c9 uma \u00f3tima ferramenta para quando o paciente chegar em consulta com exames realizados anteriormente. <\/li><\/ol>\n\n\n\n<figure class=\"wp-block-image size-large\"><img loading=\"lazy\" width=\"1024\" height=\"377\" src=\"\/wp-content\/uploads\/2024\/11\/Screen-Shot-2024-11-24-at-11.37.37-AM-1024x377.png\" alt=\"\" class=\"wp-image-2150\" srcset=\"\/wp-content\/uploads\/2024\/11\/Screen-Shot-2024-11-24-at-11.37.37-AM-1024x377.png 1024w, \/wp-content\/uploads\/2024\/11\/Screen-Shot-2024-11-24-at-11.37.37-AM-300x110.png 300w, \/wp-content\/uploads\/2024\/11\/Screen-Shot-2024-11-24-at-11.37.37-AM-768x283.png 768w, \/wp-content\/uploads\/2024\/11\/Screen-Shot-2024-11-24-at-11.37.37-AM-1180x435.png 1180w, \/wp-content\/uploads\/2024\/11\/Screen-Shot-2024-11-24-at-11.37.37-AM.png 1326w\" sizes=\"(max-width: 1024px) 100vw, 1024px\" \/><\/figure>\n\n\n\n<p>2. Ao clicar em cada exame \u00e9 poss\u00edvel visualizar um <strong>resumo sobre a import\u00e2ncia <\/strong>do mesmo, os valores indicados pelos principais laborat\u00f3rios, al\u00e9m das recomenda\u00e7\u00f5es &#8211; <em>para quem solicitar? atleta? gestante? <\/em><\/p>\n\n\n\n<figure class=\"wp-block-image size-large\"><img loading=\"lazy\" width=\"1024\" height=\"500\" src=\"\/wp-content\/uploads\/2024\/11\/Screen-Shot-2024-11-24-at-11.41.54-AM-1024x500.png\" alt=\"\" class=\"wp-image-2151\" srcset=\"\/wp-content\/uploads\/2024\/11\/Screen-Shot-2024-11-24-at-11.41.54-AM-1024x500.png 1024w, \/wp-content\/uploads\/2024\/11\/Screen-Shot-2024-11-24-at-11.41.54-AM-300x147.png 300w, \/wp-content\/uploads\/2024\/11\/Screen-Shot-2024-11-24-at-11.41.54-AM-768x375.png 768w, \/wp-content\/uploads\/2024\/11\/Screen-Shot-2024-11-24-at-11.41.54-AM.png 1238w\" sizes=\"(max-width: 1024px) 100vw, 1024px\" \/><\/figure>\n\n\n\n<p>3. Agora, <strong>para solicitar exames<\/strong> \u00e9 preciso estar &#8220;dentro&#8221; de uma consulta. Selecione um paciente, depois clique em <em>nova consulta<\/em> ou acessar <em>consultas j\u00e1 realizadas<\/em>. No <em>menu lateral<\/em>, <strong>clique em <em>conduta dessa consulta <\/em><\/strong>e depois em <strong>Solicitar Exame<\/strong>. <\/p>\n\n\n\n<p>Como ilustrado na imagem abaixo \u00e9 poss\u00edvel <strong>selecionar o perfil<\/strong> do seu paciente e montar um pedido <strong>autom\u00e1tico<\/strong> de exames, ou selecionar <strong>manualmente<\/strong> os exames que deseja solicitar. N\u00e3o esque\u00e7a de clicar em <em>salvar<\/em> ao fim da p\u00e1gina \ud83d\ude42 <\/p>\n\n\n\n<figure class=\"wp-block-image size-large\"><img loading=\"lazy\" width=\"1024\" height=\"352\" src=\"\/wp-content\/uploads\/2024\/11\/Screen-Shot-2024-11-24-at-11.53.32-AM-1024x352.png\" alt=\"\" class=\"wp-image-2153\" srcset=\"\/wp-content\/uploads\/2024\/11\/Screen-Shot-2024-11-24-at-11.53.32-AM-1024x352.png 1024w, \/wp-content\/uploads\/2024\/11\/Screen-Shot-2024-11-24-at-11.53.32-AM-300x103.png 300w, \/wp-content\/uploads\/2024\/11\/Screen-Shot-2024-11-24-at-11.53.32-AM-768x264.png 768w, \/wp-content\/uploads\/2024\/11\/Screen-Shot-2024-11-24-at-11.53.32-AM.png 1327w\" sizes=\"(max-width: 1024px) 100vw, 1024px\" \/><\/figure>\n\n\n\n<p> 4. Para a<strong> avalia\u00e7\u00e3o dos exames<\/strong> primeiro retorne na consulta em que houve a solicita\u00e7\u00e3o. Depois, no <em>menu lateral <\/em>clique em<em> conduta dessa consulta <\/em>e a seguir em<em> exames solicitados<\/em>. <\/p>\n\n\n\n<p>Para incluir os resultados clique em <em>editar todos os exames<\/em> no topo da p\u00e1gina, ou ao lado direito, em<em> editar <\/em>cada exame individualmente. Os <strong>resultados abaixo<\/strong> dos valores recomendados aparecer\u00e3o em <strong>vermelho<\/strong>. <\/p>\n\n\n\n<figure class=\"wp-block-image size-large\"><img loading=\"lazy\" width=\"1024\" height=\"456\" src=\"\/wp-content\/uploads\/2024\/11\/Screen-Shot-2024-11-24-at-12.09.48-PM-1024x456.png\" alt=\"\" class=\"wp-image-2157\" srcset=\"\/wp-content\/uploads\/2024\/11\/Screen-Shot-2024-11-24-at-12.09.48-PM-1024x456.png 1024w, \/wp-content\/uploads\/2024\/11\/Screen-Shot-2024-11-24-at-12.09.48-PM-300x134.png 300w, \/wp-content\/uploads\/2024\/11\/Screen-Shot-2024-11-24-at-12.09.48-PM-768x342.png 768w, \/wp-content\/uploads\/2024\/11\/Screen-Shot-2024-11-24-at-12.09.48-PM.png 1232w\" sizes=\"(max-width: 1024px) 100vw, 1024px\" \/><\/figure>\n\n\n\n<p><strong>O que achou de mais um #TutorialAllivici? No pr\u00f3ximo texto falaremos sobre as ferramentas de gest\u00e3o de consult\u00f3rio e controle financeiro com o nosso sistema para nutricionistas. <\/strong><\/p>\n\n\n\n<p><strong>At\u00e9 mais! <\/strong><\/p>\n","protected":false},"excerpt":{"rendered":"<p>A solicita\u00e7\u00e3o de exames \u00e9 uma etapa muito importante para o acompanhamento nutricional, pois \u00e9 a partir dos resultados que a prescri\u00e7\u00e3o diet\u00e9tica, assim como a suplementa\u00e7\u00e3o, podem ser ainda mais individualizadas. Durante o desenvolvimento do Software Allivici a etapa de solicita\u00e7\u00e3o e avalia\u00e7\u00e3o de exames foi pensada com muito cuidado, para que fosse de f\u00e1cil compreens\u00e3o, principalmente para quem acabou de se formar. Confira como fazer isso com o nosso sistema! <\/p>\n","protected":false},"author":9,"featured_media":2160,"comment_status":"open","ping_status":"open","sticky":false,"template":"","format":"standard","meta":{"spay_email":""},"categories":[2],"tags":[391,291,115,392],"jetpack_featured_media_url":"\/wp-content\/uploads\/2024\/12\/Capas-Blog-2.png","jetpack-related-posts":[{"id":1729,"url":"https:\/\/blog.allivici.com\/index.php\/2024\/05\/14\/tutorial-allivici-importancia-e-aplicacao-do-rastreamento-metabolico\/","url_meta":{"origin":2149,"position":0},"title":"Tutorial Allivici: Import\u00e2ncia e Aplica\u00e7\u00e3o do Rastreamento Metab\u00f3lico","date":"14 de maio de 2024","format":false,"excerpt":"No atendimento nutricional avaliar o consumo de micronutrientes \u00e9 uma etapa muito importante. Existem m\u00e9todos diretos e indiretos de avalia\u00e7\u00e3o. O Question\u00e1rio de Rastreamento Metab\u00f3lico (QRM) \u00e9 uma ferramenta de avalia\u00e7\u00e3o indireta que indica poss\u00edveis associa\u00e7\u00f5es entre os sintomas citados com a defici\u00eancia ou o excesso de micronutrientes.","rel":"","context":"Em &quot;Vida de nutricionista&quot;","img":{"alt_text":"","src":"\/wp-content\/uploads\/2024\/04\/Capas-Blog-2.png","width":350,"height":200},"classes":[]},{"id":624,"url":"https:\/\/blog.allivici.com\/index.php\/2021\/07\/16\/cuidado-nutricional-doencas-tireoidianas\/","url_meta":{"origin":2149,"position":1},"title":"Cuidado Nutricional: Doen\u00e7as Tireoidianas","date":"16 de julho de 2021","format":false,"excerpt":"Como em muitas condi\u00e7\u00f5es de sa\u00fade, o tratamento das doen\u00e7as tireoidianas tamb\u00e9m \u00e9 multiprofissional, incluindo a importante atua\u00e7\u00e3o do nutricionista. Entenda o papel da nutri\u00e7\u00e3o nas doen\u00e7as tireoidianas lendo o conte\u00fado na \u00edntegra!","rel":"","context":"Em &quot;Atualidades&quot;","img":{"alt_text":"","src":"\/wp-content\/uploads\/2021\/07\/Capas-Blog-4.png","width":350,"height":200},"classes":[]},{"id":1547,"url":"https:\/\/blog.allivici.com\/index.php\/2023\/07\/18\/cuidado-nutricional-resistencia-a-insulina\/","url_meta":{"origin":2149,"position":2},"title":"Cuidado Nutricional: Resist\u00eancia \u00e0 Insulina","date":"18 de julho de 2023","format":false,"excerpt":"A resist\u00eancia \u00e0 insulina, ou hiperinsulinemia, \u00e9 um sintoma presente em algumas condi\u00e7\u00f5es cl\u00ednicas, como a s\u00edndrome metab\u00f3lica, diabetes, s\u00edndrome do ov\u00e1rio polic\u00edstico, entre outras (1). A insulina \u00e9 o horm\u00f4nio respons\u00e1vel pelo metabolismo da glicose. Quando h\u00e1 resist\u00eancia nos tecidos \u00e0 sua a\u00e7\u00e3o e uma menor capta\u00e7\u00e3o de glicose,\u2026","rel":"","context":"Em &quot;Atualidades&quot;","img":{"alt_text":"","src":"\/wp-content\/uploads\/2023\/07\/9.png","width":350,"height":200},"classes":[]},{"id":1700,"url":"https:\/\/blog.allivici.com\/index.php\/2024\/04\/16\/tutorial-allivici-etapas-da-anamnese-nutricional\/","url_meta":{"origin":2149,"position":3},"title":"Tutorial Allivici: Etapas da anamnese nutricional","date":"16 de abril de 2024","format":false,"excerpt":"Uma anamnese nutricional bem realizada \u00e9 essencial para o primeiro planejamento alimentar, pois o profissional consegue antecipar diversas necessidades, restri\u00e7\u00f5es alimentares ou obst\u00e1culos que podem surgir durante o acompanhamento nutricional. Confira todas as etapas da anamnese dispon\u00edveis em nosso software!","rel":"","context":"Em &quot;Vida de nutricionista&quot;","img":{"alt_text":"","src":"\/wp-content\/uploads\/2024\/04\/Capas-Blog-1.png","width":350,"height":200},"classes":[]},{"id":408,"url":"https:\/\/blog.allivici.com\/index.php\/2021\/03\/26\/rotina-de-estudos-do-nutricionista\/","url_meta":{"origin":2149,"position":4},"title":"Rotina de estudos do nutricionista","date":"26 de mar\u00e7o de 2021","format":false,"excerpt":"Apesar do que muitos dizem, a inseguran\u00e7a n\u00e3o precisa ser algo ruim. Ela demonstra nossas limita\u00e7\u00f5es e como podemos aprimor\u00e1-las. N\u00e3o precisamos saber sobre tudo, cada um possui sua especializa\u00e7\u00e3o e \u00e1rea de atua\u00e7\u00e3o. Mesmo assim, a vida de estudos do nutricionista ap\u00f3s formado n\u00e3o acaba! Saiba 4 sugest\u00f5es que\u2026","rel":"","context":"Em &quot;Atualidades&quot;","img":{"alt_text":"","src":"\/wp-content\/uploads\/2021\/03\/postblog2603-e1616598037550.jpg","width":350,"height":200},"classes":[]},{"id":64,"url":"https:\/\/blog.allivici.com\/index.php\/2019\/05\/15\/vitamina-d-e-gestacao\/","url_meta":{"origin":2149,"position":5},"title":"Vitamina D e Gesta\u00e7\u00e3o","date":"15 de maio de 2019","format":false,"excerpt":"A associa\u00e7\u00e3o entre os n\u00edveis plasm\u00e1ticos maternos de vitamina D e os desfechos do ciclo grav\u00eddico s\u00e3o bem documentados na literatura cient\u00edfica.","rel":"","context":"Em &quot;Nutri\u00e7\u00e3o Materno-Infantil&quot;","img":{"alt_text":"","src":"\/wp-content\/uploads\/2019\/05\/vitamina-d-e-gestac3a7c3a3o-e1659377945727.png","width":350,"height":200},"classes":[]}],"_links":{"self":[{"href":"https:\/\/blog.allivici.com\/index.php\/wp-json\/wp\/v2\/posts\/2149"}],"collection":[{"href":"https:\/\/blog.allivici.com\/index.php\/wp-json\/wp\/v2\/posts"}],"about":[{"href":"https:\/\/blog.allivici.com\/index.php\/wp-json\/wp\/v2\/types\/post"}],"author":[{"embeddable":true,"href":"https:\/\/blog.allivici.com\/index.php\/wp-json\/wp\/v2\/users\/9"}],"replies":[{"embeddable":true,"href":"https:\/\/blog.allivici.com\/index.php\/wp-json\/wp\/v2\/comments?post=2149"}],"version-history":[{"count":9,"href":"https:\/\/blog.allivici.com\/index.php\/wp-json\/wp\/v2\/posts\/2149\/revisions"}],"predecessor-version":[{"id":2198,"href":"https:\/\/blog.allivici.com\/index.php\/wp-json\/wp\/v2\/posts\/2149\/revisions\/2198"}],"wp:featuredmedia":[{"embeddable":true,"href":"https:\/\/blog.allivici.com\/index.php\/wp-json\/wp\/v2\/media\/2160"}],"wp:attachment":[{"href":"https:\/\/blog.allivici.com\/index.php\/wp-json\/wp\/v2\/media?parent=2149"}],"wp:term":[{"taxonomy":"category","embeddable":true,"href":"https:\/\/blog.allivici.com\/index.php\/wp-json\/wp\/v2\/categories?post=2149"},{"taxonomy":"post_tag","embeddable":true,"href":"https:\/\/blog.allivici.com\/index.php\/wp-json\/wp\/v2\/tags?post=2149"}],"curies":[{"name":"wp","href":"https:\/\/api.w.org\/{rel}","templated":true}]}}