{"id":1766,"date":"2024-06-11T14:00:00","date_gmt":"2024-06-11T17:00:00","guid":{"rendered":"https:\/\/alliviciblog.azurewebsites.net\/?p=1766"},"modified":"2024-06-10T18:47:45","modified_gmt":"2024-06-10T21:47:45","slug":"tutorial-allivici-recordatorio-alimentar","status":"publish","type":"post","link":"https:\/\/blog.allivici.com\/index.php\/2024\/06\/11\/tutorial-allivici-recordatorio-alimentar\/","title":{"rendered":"Tutorial Allivici: Recordat\u00f3rio Alimentar"},"content":{"rendered":"\n<p>Para o nutricionista \u00e9 muito importante entender o <strong>consumo alimentar<\/strong> do seu paciente\/cliente. Existem diferentes <strong>m\u00e9todos<\/strong>, mas qual utilizar? Depender\u00e1 do seu objetivo! <strong>Com cada inqu\u00e9rito \u00e9 poss\u00edvel avaliar: <\/strong><\/p>\n\n\n\n<ul><li>o consumo das \u00faltimas 24h;<\/li><li>um per\u00edodo maior, com o di\u00e1rio\/registro alimentar (7 dias por exemplo); <\/li><li>a frequ\u00eancia de consumo de certos alimentos ou grupos alimentares;<\/li><li>o padr\u00e3o\/hist\u00f3ria alimentar de maneira mais aprofundada; <\/li><\/ul>\n\n\n\n<figure class=\"wp-block-image size-full is-resized\"><img loading=\"lazy\" src=\"\/wp-content\/uploads\/2024\/06\/17643bb773a.gif\" alt=\"\" class=\"wp-image-1770\" width=\"694\" height=\"602\"\/><figcaption><sub>Fisberg RM, Marchioni DML, Colucci ACA. Avalia\u00e7\u00e3o do consumo alimentar e da ingest\u00e3o de nutrientes na pr\u00e1tica cl\u00ednica. Arq Bras Endocrinol Metab., 2009. Dispon\u00edvel em: https:\/\/doi.org\/10.1590\/S0004-27302009000500014<\/sub><\/figcaption><\/figure>\n\n\n\n<p><strong>Com o <a rel=\"noreferrer noopener\" href=\"http:\/\/www.allivici.com\" data-type=\"URL\" data-id=\"www.allivici.com\" target=\"_blank\">Software Allivici<\/a> avaliar o consumo alimentar tamb\u00e9m pode ser mais simples. Confira como funciona: <\/strong><\/p>\n\n\n\n<ol><li>Selecione o paciente e a consulta que deseja adicionar tais informa\u00e7\u00f5es. Depois clique em <strong>&#8220;Recordat\u00f3rio Alimentar&#8221;<\/strong> &#8211; op\u00e7\u00e3o dispon\u00edvel tanto no menu lateral, quanto na tela principal. <\/li><\/ol>\n\n\n\n<figure class=\"wp-block-image size-full is-resized\"><img loading=\"lazy\" src=\"\/wp-content\/uploads\/2024\/06\/Screen-Shot-2024-06-10-at-6.10.29-PM.png\" alt=\"\" class=\"wp-image-1772\" width=\"596\" height=\"394\" srcset=\"\/wp-content\/uploads\/2024\/06\/Screen-Shot-2024-06-10-at-6.10.29-PM.png 758w, \/wp-content\/uploads\/2024\/06\/Screen-Shot-2024-06-10-at-6.10.29-PM-300x199.png 300w\" sizes=\"(max-width: 596px) 100vw, 596px\" \/><\/figure>\n\n\n\n<p>2. Em seguida, \u00e9 preciso adicionar um nome para o recordat\u00f3rio que est\u00e1 sendo preenchido. Depois, adicione os alimentos e quantidades consumidos <strong>nas \u00faltimas 24h<\/strong>. <\/p>\n\n\n\n<figure class=\"wp-block-image size-large\"><img loading=\"lazy\" width=\"1024\" height=\"412\" src=\"\/wp-content\/uploads\/2024\/06\/Screen-Shot-2024-06-10-at-6.12.56-PM-1024x412.png\" alt=\"\" class=\"wp-image-1773\" srcset=\"\/wp-content\/uploads\/2024\/06\/Screen-Shot-2024-06-10-at-6.12.56-PM-1024x412.png 1024w, \/wp-content\/uploads\/2024\/06\/Screen-Shot-2024-06-10-at-6.12.56-PM-300x121.png 300w, \/wp-content\/uploads\/2024\/06\/Screen-Shot-2024-06-10-at-6.12.56-PM-768x309.png 768w, \/wp-content\/uploads\/2024\/06\/Screen-Shot-2024-06-10-at-6.12.56-PM.png 1239w\" sizes=\"(max-width: 1024px) 100vw, 1024px\" \/><\/figure>\n\n\n\n<p>3. \u00c9 poss\u00edvel adicionar <strong>mais alimentos em cada refei\u00e7\u00e3o<\/strong> clicando em &#8220;+alimento&#8221;. A quantidade pode ser alterada clicando tanto em &#8220;por\u00e7\u00f5es&#8221;, quanto em &#8220;quantidade (g)&#8221;. O <strong>total calculado<\/strong> para cada refei\u00e7\u00e3o ser\u00e1 mostrado ao lado da mesma. J\u00e1 o total do per\u00edodo na barra ao fim da p\u00e1gina, como demonstrado na imagem abaixo.<\/p>\n\n\n\n<figure class=\"wp-block-image size-large is-resized\"><img loading=\"lazy\" src=\"\/wp-content\/uploads\/2024\/06\/Screen-Shot-2024-06-10-at-6.24.58-PM-1024x524.png\" alt=\"\" class=\"wp-image-1774\" width=\"722\" height=\"369\" srcset=\"\/wp-content\/uploads\/2024\/06\/Screen-Shot-2024-06-10-at-6.24.58-PM-1024x524.png 1024w, \/wp-content\/uploads\/2024\/06\/Screen-Shot-2024-06-10-at-6.24.58-PM-300x153.png 300w, \/wp-content\/uploads\/2024\/06\/Screen-Shot-2024-06-10-at-6.24.58-PM-768x393.png 768w, \/wp-content\/uploads\/2024\/06\/Screen-Shot-2024-06-10-at-6.24.58-PM.png 1169w\" sizes=\"(max-width: 722px) 100vw, 722px\" \/><\/figure>\n\n\n\n<p><strong>Ent\u00e3o nutri, o Recordat\u00f3rio Alimentar \u00e9 uma ferramenta em suas consultas? Nos conte o que achou! Nos pr\u00f3ximos tutoriais explicaremos outras fun\u00e7\u00f5es importantes! <\/strong><\/p>\n\n\n\n<p><strong>Teste gratuitamente todas as funcionalidades acessando <a rel=\"noreferrer noopener\" href=\"https:\/\/www.allivici.com.br\/\" target=\"_blank\">allivici.com.br<\/a><\/strong>!<\/p>\n\n\n\n<p><strong>At\u00e9 a pr\u00f3xima! <\/strong><\/p>\n","protected":false},"excerpt":{"rendered":"<p>Existem v\u00e1rios m\u00e9todos de avalia\u00e7\u00e3o do consumo alimentar, sabia? Confira no texto de hoje a diferen\u00e7a entre cada um e como Software Allivici poder\u00e1 te auxiliar! <\/p>\n","protected":false},"author":9,"featured_media":1775,"comment_status":"open","ping_status":"open","sticky":false,"template":"","format":"standard","meta":{"spay_email":""},"categories":[2],"tags":[374,373,115,362],"jetpack_featured_media_url":"\/wp-content\/uploads\/2024\/06\/Capas-Blog-e1718055768448.png","jetpack-related-posts":[{"id":1729,"url":"https:\/\/blog.allivici.com\/index.php\/2024\/05\/14\/tutorial-allivici-importancia-e-aplicacao-do-rastreamento-metabolico\/","url_meta":{"origin":1766,"position":0},"title":"Tutorial Allivici: Import\u00e2ncia e Aplica\u00e7\u00e3o do Rastreamento Metab\u00f3lico","date":"14 de maio de 2024","format":false,"excerpt":"No atendimento nutricional avaliar o consumo de micronutrientes \u00e9 uma etapa muito importante. Existem m\u00e9todos diretos e indiretos de avalia\u00e7\u00e3o. O Question\u00e1rio de Rastreamento Metab\u00f3lico (QRM) \u00e9 uma ferramenta de avalia\u00e7\u00e3o indireta que indica poss\u00edveis associa\u00e7\u00f5es entre os sintomas citados com a defici\u00eancia ou o excesso de micronutrientes.","rel":"","context":"Em &quot;Vida de nutricionista&quot;","img":{"alt_text":"","src":"\/wp-content\/uploads\/2024\/04\/Capas-Blog-2.png","width":350,"height":200},"classes":[]},{"id":2129,"url":"https:\/\/blog.allivici.com\/index.php\/2024\/11\/26\/tutorial-allivici-lista-de-substituicoes\/","url_meta":{"origin":1766,"position":1},"title":"Tutorial Allivici: Lista de Substitui\u00e7\u00f5es","date":"26 de novembro de 2024","format":false,"excerpt":"A Lista de Substitui\u00e7\u00f5es deixar\u00e1 o nosso sistema mais completo e os planos alimentares ainda mais personalizados. Confira no texto de hoje como utilizar essa ferramenta!","rel":"","context":"Em &quot;Atualidades&quot;","img":{"alt_text":"","src":"\/wp-content\/uploads\/2024\/11\/Capas-Blog-1.png","width":350,"height":200},"classes":[]},{"id":2023,"url":"https:\/\/blog.allivici.com\/index.php\/2024\/09\/03\/tutorial-allivici-lista-e-cadastro-de-alimentos\/","url_meta":{"origin":1766,"position":2},"title":"Tutorial Allivici: Lista e Cadastro de Alimentos","date":"3 de setembro de 2024","format":false,"excerpt":"Ter uma extensa base de alimentos garante agilidade e especificidade na hora de elaborar o plano alimentar! Al\u00e9m disso, tamb\u00e9m \u00e9 poss\u00edvel adicionar alimentos. Vamos te ensinar como fazer isso no texto de hoje!","rel":"","context":"Em &quot;Atualidades&quot;","img":{"alt_text":"","src":"\/wp-content\/uploads\/2024\/09\/1-e1725210268785.jpg","width":350,"height":200},"classes":[]},{"id":2417,"url":"https:\/\/blog.allivici.com\/index.php\/2025\/05\/20\/tutorial-allivici-guia-de-uso-atendimento-materno-infantil\/","url_meta":{"origin":1766,"position":3},"title":"Tutorial Allivici: Guia de uso para atendimento materno-infantil","date":"20 de maio de 2025","format":false,"excerpt":"Confira as funcionalidades que otimizam a rotina cl\u00ednica de quem atua na \u00e1rea materno-infantil!","rel":"","context":"Em &quot;Atualidades&quot;","img":{"alt_text":"","src":"\/wp-content\/uploads\/2025\/05\/Capas-Blog-2-e1747696549451.png","width":350,"height":200},"classes":[]},{"id":2331,"url":"https:\/\/blog.allivici.com\/index.php\/2025\/02\/25\/tutorial-allivici-como-duplicar-refeicoes\/","url_meta":{"origin":1766,"position":4},"title":"Tutorial Allivici: Como duplicar refei\u00e7\u00f5es?","date":"25 de fevereiro de 2025","format":false,"excerpt":"Nutri, trouxemos mais uma novidade para voc\u00eas! Quer agilizar a montagem dos planos alimentares? Agora \u00e9 poss\u00edvel duplicar o almo\u00e7o no jantar. Confira como fazer isso no texto de hoje!","rel":"","context":"Em &quot;Vida de nutricionista&quot;","img":{"alt_text":"","src":"\/wp-content\/uploads\/2025\/02\/Capas-Blog-2.png","width":350,"height":200},"classes":[]},{"id":1700,"url":"https:\/\/blog.allivici.com\/index.php\/2024\/04\/16\/tutorial-allivici-etapas-da-anamnese-nutricional\/","url_meta":{"origin":1766,"position":5},"title":"Tutorial Allivici: Etapas da anamnese nutricional","date":"16 de abril de 2024","format":false,"excerpt":"Uma anamnese nutricional bem realizada \u00e9 essencial para o primeiro planejamento alimentar, pois o profissional consegue antecipar diversas necessidades, restri\u00e7\u00f5es alimentares ou obst\u00e1culos que podem surgir durante o acompanhamento nutricional. Confira todas as etapas da anamnese dispon\u00edveis em nosso software!","rel":"","context":"Em &quot;Vida de nutricionista&quot;","img":{"alt_text":"","src":"\/wp-content\/uploads\/2024\/04\/Capas-Blog-1.png","width":350,"height":200},"classes":[]}],"_links":{"self":[{"href":"https:\/\/blog.allivici.com\/index.php\/wp-json\/wp\/v2\/posts\/1766"}],"collection":[{"href":"https:\/\/blog.allivici.com\/index.php\/wp-json\/wp\/v2\/posts"}],"about":[{"href":"https:\/\/blog.allivici.com\/index.php\/wp-json\/wp\/v2\/types\/post"}],"author":[{"embeddable":true,"href":"https:\/\/blog.allivici.com\/index.php\/wp-json\/wp\/v2\/users\/9"}],"replies":[{"embeddable":true,"href":"https:\/\/blog.allivici.com\/index.php\/wp-json\/wp\/v2\/comments?post=1766"}],"version-history":[{"count":4,"href":"https:\/\/blog.allivici.com\/index.php\/wp-json\/wp\/v2\/posts\/1766\/revisions"}],"predecessor-version":[{"id":1777,"href":"https:\/\/blog.allivici.com\/index.php\/wp-json\/wp\/v2\/posts\/1766\/revisions\/1777"}],"wp:featuredmedia":[{"embeddable":true,"href":"https:\/\/blog.allivici.com\/index.php\/wp-json\/wp\/v2\/media\/1775"}],"wp:attachment":[{"href":"https:\/\/blog.allivici.com\/index.php\/wp-json\/wp\/v2\/media?parent=1766"}],"wp:term":[{"taxonomy":"category","embeddable":true,"href":"https:\/\/blog.allivici.com\/index.php\/wp-json\/wp\/v2\/categories?post=1766"},{"taxonomy":"post_tag","embeddable":true,"href":"https:\/\/blog.allivici.com\/index.php\/wp-json\/wp\/v2\/tags?post=1766"}],"curies":[{"name":"wp","href":"https:\/\/api.w.org\/{rel}","templated":true}]}}