{"id":1604,"date":"2023-11-14T14:00:00","date_gmt":"2023-11-14T17:00:00","guid":{"rendered":"https:\/\/alliviciblog.azurewebsites.net\/?p=1604"},"modified":"2023-11-12T19:52:51","modified_gmt":"2023-11-12T22:52:51","slug":"cuidado-nutricional-diabetes-mellitus","status":"publish","type":"post","link":"https:\/\/blog.allivici.com\/index.php\/2023\/11\/14\/cuidado-nutricional-diabetes-mellitus\/","title":{"rendered":"Cuidado Nutricional: Diabetes Mellitus"},"content":{"rendered":"\n<p><strong>Diabetes Mellitus<\/strong>\u00a0(DM) \u00e9 uma doen\u00e7a cr\u00f4nica multifatorial, em que o organismo apresenta defici\u00eancia na\u00a0<strong>utiliza\u00e7\u00e3o\u00a0<\/strong>(DM tipo 2) ou<strong>\u00a0s\u00edntese<\/strong>\u00a0de insulina (DM tipo 1). Quase a totalidade das pessoas com diabetes, cerca de 90%, convivem com o tipo 2; j\u00e1 5 a 10% com o tipo 1 (<a rel=\"noreferrer noopener\" href=\"https:\/\/www.diabetes.org.br\/\" target=\"_blank\">1<\/a>).<\/p>\n\n\n\n<p>Ainda existem <strong>outros tipos<\/strong>, menos comum, como <em>Diabetes Latente Autoimune do Adulto (LADA)<\/em> em que indiv\u00edduos &#8220;migram&#8221; do tipo 2 para 1; e o <em>Diabetes Gestacional<\/em>, no qual h\u00e1 altera\u00e7\u00e3o na utiliza\u00e7\u00e3o da insulina e capta\u00e7\u00e3o da glicose por mudan\u00e7as hormonais decorrentes da gesta\u00e7\u00e3o (<a rel=\"noreferrer noopener\" href=\"https:\/\/diabetes.org.br\/tipos-de-diabetes\/\" data-type=\"URL\" data-id=\"https:\/\/diabetes.org.br\/tipos-de-diabetes\/\" target=\"_blank\">2<\/a>). <\/p>\n\n\n\n<p>J\u00e1 <strong>pr\u00e9-diabetes<\/strong> \u00e9 uma condi\u00e7\u00e3o em que o resultado da glicemia em jejum, ou capilar, est\u00e1 acima do n\u00edvel esperado, mas n\u00e3o h\u00e1 sinais ou sintomas suficientes para fechar um diagn\u00f3stico de Diabetes Tipo 2. Deve ser encarado como um sinal de aten\u00e7\u00e3o e oportunidade de mudar fatores que possam estar contribuindo para tal condi\u00e7\u00e3o. <\/p>\n\n\n\n<p>A <strong>resist\u00eancia \u00e0 insulina<\/strong> \u00e9 um dos sintomas presente no diabetes, mas que tamb\u00e9m pode ser comum em outras condi\u00e7\u00f5es de sa\u00fade. Confira mais informa\u00e7\u00f5es em: <a href=\"https:\/\/blog.allivici.com\/index.php\/2023\/07\/18\/cuidado-nutricional-resistencia-a-insulina\/\" target=\"_blank\" rel=\"noreferrer noopener\">https:\/\/blog.allivici.com\/index.php\/2023\/07\/18\/cuidado-nutricional-resistencia-a-insulina\/ <\/a><\/p>\n\n\n\n<p><strong><span style=\"text-decoration: underline;\">Pontos de aten\u00e7\u00e3o na prescri\u00e7\u00e3o diet\u00e9tica <\/span><\/strong><\/p>\n\n\n\n<ul><li><strong>Macronutrientes<\/strong>: carboidratos n\u00e3o precisam ser restringidos, o consumo deve ser adequado \u00e0s necessidades nutricionais individuais. Tamb\u00e9m deve haver muita aten\u00e7\u00e3o ao consumo de gorduras e ao perfil de \u00e1cidos graxos consumidos;\u00a0<\/li><\/ul>\n\n\n\n<ul><li><strong>Uso de edulcorantes<\/strong>: em possibilidade de acesso e compra de produtos mais naturais, como est\u00e9via, fica a sugest\u00e3o de orientar o consumo desses ado\u00e7antes, podendo acontecer em substitui\u00e7\u00e3o dos comumente utilizados;<\/li><\/ul>\n\n\n\n<ul><li><strong>Orientar o consumo de a\u00e7\u00facar de mesa:\u00a0<\/strong>dependendo da intensidade do quadro cl\u00ednico, do n\u00edvel de educa\u00e7\u00e3o nutricional, assim como do controle no consumo de carboidratos, n\u00e3o se faz necess\u00e1rio a substitui\u00e7\u00e3o do a\u00e7\u00facar por edulcorantes, a estrat\u00e9gia de contagem de carboidratos pode ser aplicada, por exemplo;\u00a0<\/li><\/ul>\n\n\n\n<ul><li><strong>Micronutrientes:<\/strong>\u00a0uma aten\u00e7\u00e3o especial deve ser voltada para o \u00e1cido f\u00f3lico e a vitamina B12, quando h\u00e1 o uso de metformina. Tamb\u00e9m \u00e9 importante monitorar o consumo alimentar, e n\u00edveis plasm\u00e1ticos, de zinco, magn\u00e9sio e vitamina D. A suplementa\u00e7\u00e3o s\u00f3 \u00e9 indicada em casos de defici\u00eancia nutricional. <\/li><\/ul>\n\n\n\n<ul><li><strong>Suplementa\u00e7\u00e3o<\/strong>: vitamina D, canela, nicotinamida, gengibre, feno-grego e picolinato de cromo s\u00e3o os principais citados e estudados pela literatura cient\u00edfica. No entanto, ainda h\u00e1 discuss\u00f5es sobre a efetividade de cada um a depender da dosagem utilizada e a viabilidade da suplementa\u00e7\u00e3o (<a rel=\"noreferrer noopener\" href=\"https:\/\/journals.sagepub.com\/doi\/10.1177\/0897190016663070?url_ver=Z39.88-2003&amp;rfr_id=ori:rid:crossref.org&amp;rfr_dat=cr_pub%20%200pubmed\" data-type=\"URL\" data-id=\"https:\/\/journals.sagepub.com\/doi\/10.1177\/0897190016663070?url_ver=Z39.88-2003&amp;rfr_id=ori:rid:crossref.org&amp;rfr_dat=cr_pub%20%200pubmed\" target=\"_blank\">3<\/a>). <\/li><\/ul>\n\n\n\n<p>\u00c9 importante que o\u00a0profissional tamb\u00e9m considere o quanto a\u00a0<strong>condi\u00e7\u00e3o atual do paciente impacta<\/strong>\u00a0em seu cotidiano e momentos de lazer.<\/p>\n\n\n\n<p>Por exemplo, o paciente pode aprender a aproveitar com seguran\u00e7a uma festa de anivers\u00e1rio, ou um almo\u00e7o de fam\u00edlia com a\u00a0<strong>contagem de carboidratos<\/strong>. Entender qual a dosagem adequada de insulina em cada situa\u00e7\u00e3o possibilita mais\u00a0<strong>qualidade de vida<\/strong>\u00a0ao paciente com DM1.\u00a0<\/p>\n\n\n\n<p>A pr\u00e1tica de\u00a0<strong>atividade f\u00edsica<\/strong>\u00a0tamb\u00e9m \u00e9 outro exemplo, pois interfere nos n\u00edveis de glicemia e consequentemente na quantidade de carboidratos que precisa ser ingerida, al\u00e9m da dosagem de insulina a ser aplicada.\u00a0<\/p>\n\n\n\n<p>O acompanhamento de uma <strong>equipe multiprofissional<\/strong> faz muita diferen\u00e7a no tratamento de doen\u00e7as cr\u00f4nicas, principalmente para a aplica\u00e7\u00e3o de estrat\u00e9gias alinhadas, ampliando as possibilidades de melhora dos sintomas. <\/p>\n","protected":false},"excerpt":{"rendered":"<p>A cada ano, no dia 14 de novembro, o mundo todo \u00e9 lembrado sobre os cuidados de preven\u00e7\u00e3o e tratamento para Diabetes Mellitus. No Blog do Software Allivici j\u00e1 trouxemos diversas postagens sobre o tema. Relembre dos cuidados nutricionais necess\u00e1rios para essa condi\u00e7\u00e3o de sa\u00fade no texto de hoje! <\/p>\n","protected":false},"author":9,"featured_media":1608,"comment_status":"open","ping_status":"open","sticky":false,"template":"","format":"standard","meta":{"spay_email":""},"categories":[2],"tags":[334,185,315,143],"jetpack_featured_media_url":"\/wp-content\/uploads\/2023\/11\/Capas-Blog.png","jetpack-related-posts":[{"id":1521,"url":"https:\/\/blog.allivici.com\/index.php\/2023\/06\/20\/dia-nacional-do-diabetes-cuidado-nutricional-no-dm\/","url_meta":{"origin":1604,"position":0},"title":"Dia Nacional do Diabetes","date":"20 de junho de 2023","format":false,"excerpt":"Voc\u00ea j\u00e1 visitou o \u00faltimo update da Sociedade Brasileira de Diabetes? J\u00e1 conferiu a nossa aula com orienta\u00e7\u00f5es nutricionais importantes? Al\u00e9m das peculiaridades nutricionais em cada caso, o profissional tamb\u00e9m precisa considerar em suas prescri\u00e7\u00f5es o quanto a condi\u00e7\u00e3o atual do paciente impacta n\u00e3o apenas em seu cotidiano, mas tamb\u00e9m\u2026","rel":"","context":"Em &quot;Atualidades&quot;","img":{"alt_text":"","src":"\/wp-content\/uploads\/2023\/06\/2-e1686417376543.png","width":350,"height":200},"classes":[]},{"id":842,"url":"https:\/\/blog.allivici.com\/index.php\/2021\/11\/11\/cuidado-nutricional-diabetes\/","url_meta":{"origin":1604,"position":1},"title":"Estrat\u00e9gias Nutricionais: Diabetes","date":"11 de novembro de 2021","format":false,"excerpt":"Diabetes Mellitus (DM) \u00e9 uma doen\u00e7a cr\u00f4nica multifatorial, na qual o corpo possui defici\u00eancia na s\u00edntese de insulina, ou em utilizar a que produz. Em lembrete ao Dia Mundial do Diabetes, n\u00f3s trouxemos estrat\u00e9gias nutricionais, materiais e p\u00e1ginas que abordam essa tem\u00e1tica t\u00e3o importante.","rel":"","context":"Em &quot;Atualidades&quot;","img":{"alt_text":"","src":"\/wp-content\/uploads\/2021\/11\/glicose.png","width":350,"height":200},"classes":[]},{"id":1311,"url":"https:\/\/blog.allivici.com\/index.php\/2022\/11\/10\/dia-mundial-do-diabetes\/","url_meta":{"origin":1604,"position":2},"title":"Dia Mundial do Diabetes","date":"10 de novembro de 2022","format":false,"excerpt":"Pensando no Dia Mundial do Diabetes, n\u00f3s trouxemos estrat\u00e9gias nutricionais, materiais e p\u00e1ginas que abordam essa tem\u00e1tica t\u00e3o importante. Confira!","rel":"","context":"Em &quot;Atualidades&quot;","img":{"alt_text":"","src":"\/wp-content\/uploads\/2022\/11\/pexels-nataliya-vaitkevich-6940870-scaled.jpg","width":350,"height":200},"classes":[]},{"id":1547,"url":"https:\/\/blog.allivici.com\/index.php\/2023\/07\/18\/cuidado-nutricional-resistencia-a-insulina\/","url_meta":{"origin":1604,"position":3},"title":"Cuidado Nutricional: Resist\u00eancia \u00e0 Insulina","date":"18 de julho de 2023","format":false,"excerpt":"A resist\u00eancia \u00e0 insulina, ou hiperinsulinemia, \u00e9 um sintoma presente em algumas condi\u00e7\u00f5es cl\u00ednicas, como a s\u00edndrome metab\u00f3lica, diabetes, s\u00edndrome do ov\u00e1rio polic\u00edstico, entre outras (1). A insulina \u00e9 o horm\u00f4nio respons\u00e1vel pelo metabolismo da glicose. Quando h\u00e1 resist\u00eancia nos tecidos \u00e0 sua a\u00e7\u00e3o e uma menor capta\u00e7\u00e3o de glicose,\u2026","rel":"","context":"Em &quot;Atualidades&quot;","img":{"alt_text":"","src":"\/wp-content\/uploads\/2023\/07\/9.png","width":350,"height":200},"classes":[]},{"id":2070,"url":"https:\/\/blog.allivici.com\/index.php\/2024\/09\/17\/artigo-cientifico-efeito-do-uso-de-canela-na-resposta-glicemica-de-adultos-em-pre-diabetes\/","url_meta":{"origin":1604,"position":4},"title":"Artigo Cient\u00edfico: Efeito do uso de canela na resposta glic\u00eamica de adultos em pr\u00e9-diabetes","date":"17 de setembro de 2024","format":false,"excerpt":"Pr\u00e9-diabetes \u00e9 uma situa\u00e7\u00e3o que, em alguns casos, ainda pode ser revertida. J\u00e1 em outros, tamb\u00e9m com o tratamento, \u00e9 poss\u00edvel reduzir a evolu\u00e7\u00e3o do diabetes e as suas complica\u00e7\u00f5es. Por isso, tantos estudos investigam estrat\u00e9gias para pacientes com pr\u00e9-diabetes. Confira no texto de hoje um estudo que analisou o\u2026","rel":"","context":"Em &quot;Atualidades&quot;","img":{"alt_text":"","src":"\/wp-content\/uploads\/2024\/09\/Capas-Blog-e1725828564431.png","width":350,"height":200},"classes":[]},{"id":2683,"url":"https:\/\/blog.allivici.com\/index.php\/2025\/12\/02\/parte-ii-posicionamento-saude-cardiometabolica-ao-longo-do-ciclo-de-vida-da-mulher\/","url_meta":{"origin":1604,"position":5},"title":"Parte II - Posicionamento: Sa\u00fade Cardiometab\u00f3lica ao Longo do Ciclo de Vida da Mulher","date":"2 de dezembro de 2025","format":false,"excerpt":"Da adolesc\u00eancia \u00e0 menopausa, diferentes fases e mudan\u00e7as aumentam o risco metab\u00f3lico e cardiovascular da mulher ao longo da vida. No texto anterior j\u00e1 falamos sobre os indicadores da sa\u00fade cardiometab\u00f3lica. Confira agora quais s\u00e3o as interven\u00e7\u00f5es nutricionais que desempenham um papel fundamental na preven\u00e7\u00e3o e no tratamentoPosicionamento: Sa\u00fade Cardiometab\u00f3lica\u2026","rel":"","context":"Em &quot;Atualidades&quot;","img":{"alt_text":"","src":"\/wp-content\/uploads\/2025\/11\/Capas-Blog-3-e1764546825811.png","width":350,"height":200},"classes":[]}],"_links":{"self":[{"href":"https:\/\/blog.allivici.com\/index.php\/wp-json\/wp\/v2\/posts\/1604"}],"collection":[{"href":"https:\/\/blog.allivici.com\/index.php\/wp-json\/wp\/v2\/posts"}],"about":[{"href":"https:\/\/blog.allivici.com\/index.php\/wp-json\/wp\/v2\/types\/post"}],"author":[{"embeddable":true,"href":"https:\/\/blog.allivici.com\/index.php\/wp-json\/wp\/v2\/users\/9"}],"replies":[{"embeddable":true,"href":"https:\/\/blog.allivici.com\/index.php\/wp-json\/wp\/v2\/comments?post=1604"}],"version-history":[{"count":7,"href":"https:\/\/blog.allivici.com\/index.php\/wp-json\/wp\/v2\/posts\/1604\/revisions"}],"predecessor-version":[{"id":1612,"href":"https:\/\/blog.allivici.com\/index.php\/wp-json\/wp\/v2\/posts\/1604\/revisions\/1612"}],"wp:featuredmedia":[{"embeddable":true,"href":"https:\/\/blog.allivici.com\/index.php\/wp-json\/wp\/v2\/media\/1608"}],"wp:attachment":[{"href":"https:\/\/blog.allivici.com\/index.php\/wp-json\/wp\/v2\/media?parent=1604"}],"wp:term":[{"taxonomy":"category","embeddable":true,"href":"https:\/\/blog.allivici.com\/index.php\/wp-json\/wp\/v2\/categories?post=1604"},{"taxonomy":"post_tag","embeddable":true,"href":"https:\/\/blog.allivici.com\/index.php\/wp-json\/wp\/v2\/tags?post=1604"}],"curies":[{"name":"wp","href":"https:\/\/api.w.org\/{rel}","templated":true}]}}