{"id":1580,"date":"2023-09-12T14:00:00","date_gmt":"2023-09-12T17:00:00","guid":{"rendered":"https:\/\/alliviciblog.azurewebsites.net\/?p=1580"},"modified":"2023-09-05T12:32:33","modified_gmt":"2023-09-05T15:32:33","slug":"dia-mundial-da-doenca-alzheimer","status":"publish","type":"post","link":"https:\/\/blog.allivici.com\/index.php\/2023\/09\/12\/dia-mundial-da-doenca-alzheimer\/","title":{"rendered":"Dia Mundial da Doen\u00e7a Alzheimer"},"content":{"rendered":"\n<p>No m\u00eas de setembro, uma das importantes datas na \u00e1rea da sa\u00fade \u00e9 o <strong>Dia Mundial do Alzheimer<\/strong> (21\/09).&nbsp;<\/p>\n\n\n\n<p>Cada vez mais, estudos demonstram associa\u00e7\u00f5es entre <strong>fatores diet\u00e9ticos<\/strong> e diversas condi\u00e7\u00f5es de sa\u00fade, como as doen\u00e7as neurodegenerativas.<\/p>\n\n\n\n<p>Alzheimer \u00e9 um dos tipos mais comuns de dem\u00eancia, os primeiros sintomas podem aparecer ap\u00f3s <strong>20 anos<\/strong> das primeiras altera\u00e7\u00f5es estruturais no c\u00e9rebro. A alimenta\u00e7\u00e3o \u00e9 um dos principais fatores de impacto na sa\u00fade cognitiva e neurol\u00f3gica (<a href=\"https:\/\/www.ncbi.nlm.nih.gov\/pmc\/articles\/PMC10384681\/\">1<\/a>).&nbsp;<\/p>\n\n\n\n<div class=\"wp-block-image\"><figure class=\"aligncenter size-full is-resized\"><img loading=\"lazy\" src=\"\/wp-content\/uploads\/2023\/09\/Screen-Shot-2023-09-05-at-12.19.16-PM.png\" alt=\"\" class=\"wp-image-1581\" width=\"588\" height=\"339\" srcset=\"\/wp-content\/uploads\/2023\/09\/Screen-Shot-2023-09-05-at-12.19.16-PM.png 800w, \/wp-content\/uploads\/2023\/09\/Screen-Shot-2023-09-05-at-12.19.16-PM-300x173.png 300w, \/wp-content\/uploads\/2023\/09\/Screen-Shot-2023-09-05-at-12.19.16-PM-768x443.png 768w\" sizes=\"(max-width: 588px) 100vw, 588px\" \/><figcaption><a rel=\"noreferrer noopener\" href=\"\/\/www.ncbi.nlm.nih.gov\/core\/lw\/2.0\/html\/tileshop_pmc\/tileshop_pmc_inline.html?title=Click%20on%20image%20to%20zoom&amp;p=PMC3&amp;id=10384681_nutrients-15-03204-g001.jpg\" data-type=\"URL\" data-id=\"ps:\/\/www.ncbi.nlm.nih.gov\/core\/lw\/2.0\/html\/tileshop_pmc\/tileshop_pmc_inline.html?title=Click%20on%20image%20to%20zoom&amp;p=PMC3&amp;id=10384681_nutrients-15-03204-g001.jpg\" target=\"_blank\"><sub>Refer\u00eancia Imagem<\/sub><\/a><\/figcaption><\/figure><\/div>\n\n\n\n<p>A nutri\u00e7\u00e3o tem um papel essencial no sistema neurocentral, h\u00e1 <strong>vitaminas e minerais <\/strong>essenciais para o metabolismo de neurotransmissores e enzimas essenciais em processos de sinaliza\u00e7\u00e3o celular (<a href=\"https:\/\/www.ncbi.nlm.nih.gov\/pmc\/articles\/PMC9952129\/\">2<\/a>).&nbsp;<\/p>\n\n\n\n<p>A <strong>defici\u00eancia<\/strong>, ou o consumo restrito, das vitaminas A, D, E e B12 foi associada com a doen\u00e7a de Alzheimer. J\u00e1 o consumo adequado das vitaminas A, D, E, K e B12 apresentou associa\u00e7\u00e3o com uma melhora da cogni\u00e7\u00e3o. H\u00e1 outras associa\u00e7\u00f5es analisadas em estudos com modelos animais, inclusive para a express\u00e3o de beta-amil\u00f3ide (<a href=\"https:\/\/www.ncbi.nlm.nih.gov\/pmc\/articles\/PMC9952129\/table\/antioxidants-12-00415-t001\/?report=objectonly\">3<\/a>).<\/p>\n\n\n\n<p>Um artigo mais recente uniu todas as atuais orienta\u00e7\u00f5es diet\u00e9ticas para a preven\u00e7\u00e3o do Alzheimer. Uma dieta que est\u00e1 sendo mais estudada \u00e9 a <strong>MIND<\/strong>, uma combina\u00e7\u00e3o da dieta Mediterr\u00e2nea e DASH, com foco na preven\u00e7\u00e3o de doen\u00e7as neurodegenerativas.&nbsp;<\/p>\n\n\n\n<p>Os alimentos apresentados como <strong>ben\u00e9ficos<\/strong> s\u00e3o vegetais, verduras verde-escuras, oleaginosas, azeite de oliva, frutas vermelhas, gr\u00e3os integrais, peixe, aves e vinho tinto. J\u00e1 os alimentos <strong>contraindicados<\/strong> s\u00e3o ricos em a\u00e7\u00facar ou gordura saturada, como carne vermelha,manteiga, queijo e prepara\u00e7\u00f5es fritas (<a href=\"https:\/\/www.ncbi.nlm.nih.gov\/pmc\/articles\/PMC9656789\/\">4<\/a>).&nbsp;<\/p>\n\n\n\n<p>Inclusive, j\u00e1 trouxemos aqui a adapta\u00e7\u00e3o e tradu\u00e7\u00e3o de uma revis\u00e3o sistem\u00e1tica de meta-an\u00e1lises (<a href=\"https:\/\/pubmed.ncbi.nlm.nih.gov\/32427314\/\">5<\/a>). Foram encontradas <strong>associa\u00e7\u00f5es inversas<\/strong> entre Alzheimer e fatores diet\u00e9ticos para o consumo alimentar de peixe e na dieta mediterr\u00e2nea.&nbsp;<\/p>\n\n\n\n<p>No entanto, as associa\u00e7\u00f5es apresentaram <strong>n\u00edvel moderado<\/strong> para a qualidade de evid\u00eancia, mas com n\u00edvel baixo para rela\u00e7\u00e3o de dose-resposta. Inclusive, nenhuma das interven\u00e7\u00f5es encontradas apresentaram alto n\u00edvel de evid\u00eancia.&nbsp;<\/p>\n\n\n\n<p>Isso demonstra a import\u00e2ncia de que <strong>mais pesquisas <\/strong>sejam realizadas avaliando a associa\u00e7\u00e3o entre fatores diet\u00e9ticos e o desenvolvimento e preven\u00e7\u00e3o de doen\u00e7as neurodegenerativas.&nbsp;<\/p>\n\n\n\n<p>Por fim, al\u00e9m dos benef\u00edcios que a nutri\u00e7\u00e3o pode proporcionar para a preven\u00e7\u00e3o de doen\u00e7as neurol\u00f3gicas, as interven\u00e7\u00f5es devem sempre fazer parte de uma <strong>estrat\u00e9gia multidisciplinar<\/strong>.&nbsp;H\u00e1 cuidados importantes como o incentivo para a pr\u00e1tica de atividade f\u00edsica, intera\u00e7\u00e3o social, terapias cognitivas e cuidado com a sa\u00fade odontol\u00f3gica, al\u00e9m do acompanhamento m\u00e9dico (<a href=\"https:\/\/www.ncbi.nlm.nih.gov\/pmc\/articles\/PMC9687885\/\">6<\/a>).<\/p>\n\n\n\n<p><\/p>\n\n\n\n<p>At\u00e9 a pr\u00f3xima,<\/p>\n","protected":false},"excerpt":{"rendered":"<p>No m\u00eas de setembro, uma das datas importantes para os profissionais da sa\u00fade \u00e9 o Dia Mundial do Alzheimer. Cada vez mais, estudos demonstram associa\u00e7\u00f5es entre fatores diet\u00e9ticos e diversas condi\u00e7\u00f5es de sa\u00fade, como as doen\u00e7as neurodegenerativas. Confira as novidades no texto de hoje!<\/p>\n","protected":false},"author":9,"featured_media":1582,"comment_status":"open","ping_status":"open","sticky":false,"template":"","format":"standard","meta":{"spay_email":""},"categories":[2],"tags":[164,334,163,344],"jetpack_featured_media_url":"\/wp-content\/uploads\/2023\/09\/pexels-anna-shvets-4226264-scaled-e1693927567449.jpg","jetpack-related-posts":[{"id":769,"url":"https:\/\/blog.allivici.com\/index.php\/2021\/09\/17\/nutricao-e-doencas-neurodegenerativas\/","url_meta":{"origin":1580,"position":0},"title":"Nutri\u00e7\u00e3o e Doen\u00e7as Neurodegenerativas","date":"17 de setembro de 2021","format":false,"excerpt":"Na pr\u00f3xima ter\u00e7a-feira (21\/09) \u00e9 o Dia Mundial do Alzheimer Cada vez mais, novos estudos t\u00eam surgido trazendo associa\u00e7\u00f5es entre fatores diet\u00e9ticos e diversas condi\u00e7\u00f5es de sa\u00fade, como nas doen\u00e7as neurodegenerativas. No entanto, o que de fato temos de evid\u00eancia sobre esse assunto? Trouxemos a adapta\u00e7\u00e3o e tradu\u00e7\u00e3o de uma\u2026","rel":"","context":"Em &quot;Atualidades&quot;","img":{"alt_text":"","src":"\/wp-content\/uploads\/2021\/09\/blog.jpg","width":350,"height":200},"classes":[]},{"id":1434,"url":"https:\/\/blog.allivici.com\/index.php\/2023\/02\/28\/artigo-cientifico-existe-um-consumo-saudavel-de-vinho\/","url_meta":{"origin":1580,"position":1},"title":"Artigo Cient\u00edfico: Existe um consumo saud\u00e1vel de vinho?","date":"28 de fevereiro de 2023","format":false,"excerpt":"O consumo de bebidas alco\u00f3licas em excesso provoca diversas consequ\u00eancias para a sa\u00fade. Por\u00e9m, quando o assunto \u00e9 vinho, sempre parece haver uma sutil diferen\u00e7a em como o assunto \u00e9 abordado, n\u00e3o \u00e9? No texto de hoje saiba mais sobre o que a ci\u00eancia tem a dizer sobre isso.","rel":"","context":"Em &quot;Atualidades&quot;","img":{"alt_text":"","src":"\/wp-content\/uploads\/2023\/02\/pexels-jill-wellington-39351-scaled-e1676638749752.jpg","width":350,"height":200},"classes":[]},{"id":1501,"url":"https:\/\/blog.allivici.com\/index.php\/2023\/05\/23\/dia-mundial-da-saude-digestiva-como-cuidar\/","url_meta":{"origin":1580,"position":2},"title":"Dia Mundial da Sa\u00fade Digestiva: Como cuidar?","date":"23 de maio de 2023","format":false,"excerpt":"A sa\u00fade digestiva engloba diversos fatores importantes do nosso cotidiano. Desde a alimenta\u00e7\u00e3o at\u00e9 fatores emocionais podem causar impacto no que \u00e9 chamado de microbiota. Como o nutricionista pode auxiliar no cuidado da sa\u00fade digestiva?\u00a0","rel":"","context":"Em &quot;Atualidades&quot;","img":{"alt_text":"","src":"\/wp-content\/uploads\/2023\/05\/Imagem-intestino-e1683129593623.jpg","width":350,"height":200},"classes":[]},{"id":1590,"url":"https:\/\/blog.allivici.com\/index.php\/2023\/09\/26\/dia-mundial-do-coracao\/","url_meta":{"origin":1580,"position":3},"title":"Dia Mundial do Cora\u00e7\u00e3o","date":"26 de setembro de 2023","format":false,"excerpt":"Doen\u00e7as cardiovasculares s\u00e3o destaque no \u00edndice de mortalidade entre os brasileiros. Saiba algumas estrat\u00e9gias nutricionais capazes de contribuir para a preven\u00e7\u00e3o das doen\u00e7as cardiovasculares!","rel":"","context":"Em &quot;Atualidades&quot;","img":{"alt_text":"","src":"\/wp-content\/uploads\/2023\/09\/Capas-Blog.png","width":350,"height":200},"classes":[]},{"id":1273,"url":"https:\/\/blog.allivici.com\/index.php\/2022\/09\/29\/atualidades-dia-mundial-do-coracao\/","url_meta":{"origin":1580,"position":4},"title":"Dia Mundial do Cora\u00e7\u00e3o","date":"29 de setembro de 2022","format":false,"excerpt":"As doen\u00e7as cardiovasculares s\u00e3o destaque no \u00edndice de mortalidade entre os brasileiros. A ades\u00e3o ao tratamento \u00e9 muito importante para a redu\u00e7\u00e3o dos fatores de risco, como sedentarismo, tabagismo e alimenta\u00e7\u00e3o inadequada. Saiba algumas estrat\u00e9gias nutricionais capazes de contribuir para a preven\u00e7\u00e3o!","rel":"","context":"Em &quot;Atualidades&quot;","img":{"alt_text":"","src":"\/wp-content\/uploads\/2022\/09\/Screen-Shot-2022-09-24-at-4.37.09-PM.png","width":350,"height":200},"classes":[]},{"id":1331,"url":"https:\/\/blog.allivici.com\/index.php\/2022\/11\/25\/novembro-azul-cuidado-nutricional\/","url_meta":{"origin":1580,"position":5},"title":"Cuidado Nutricional: Novembro Azul","date":"25 de novembro de 2022","format":false,"excerpt":"O c\u00e2ncer de pr\u00f3stata \u00e9 o segundo mais comum entre os homens. A alimenta\u00e7\u00e3o est\u00e1 entre os fatores que merecem maior aten\u00e7\u00e3o e cuidado. Por isso, a import\u00e2ncia da educa\u00e7\u00e3o nutricional e avalia\u00e7\u00e3o do comportamento alimentar. O consumo de certos nutrientes demonstram uma associa\u00e7\u00e3o interessante com a preven\u00e7\u00e3o. Confira!","rel":"","context":"Em &quot;Atualidades&quot;","img":{"alt_text":"","src":"\/wp-content\/uploads\/2022\/11\/Cancer-de-prostata.png","width":350,"height":200},"classes":[]}],"_links":{"self":[{"href":"https:\/\/blog.allivici.com\/index.php\/wp-json\/wp\/v2\/posts\/1580"}],"collection":[{"href":"https:\/\/blog.allivici.com\/index.php\/wp-json\/wp\/v2\/posts"}],"about":[{"href":"https:\/\/blog.allivici.com\/index.php\/wp-json\/wp\/v2\/types\/post"}],"author":[{"embeddable":true,"href":"https:\/\/blog.allivici.com\/index.php\/wp-json\/wp\/v2\/users\/9"}],"replies":[{"embeddable":true,"href":"https:\/\/blog.allivici.com\/index.php\/wp-json\/wp\/v2\/comments?post=1580"}],"version-history":[{"count":6,"href":"https:\/\/blog.allivici.com\/index.php\/wp-json\/wp\/v2\/posts\/1580\/revisions"}],"predecessor-version":[{"id":1589,"href":"https:\/\/blog.allivici.com\/index.php\/wp-json\/wp\/v2\/posts\/1580\/revisions\/1589"}],"wp:featuredmedia":[{"embeddable":true,"href":"https:\/\/blog.allivici.com\/index.php\/wp-json\/wp\/v2\/media\/1582"}],"wp:attachment":[{"href":"https:\/\/blog.allivici.com\/index.php\/wp-json\/wp\/v2\/media?parent=1580"}],"wp:term":[{"taxonomy":"category","embeddable":true,"href":"https:\/\/blog.allivici.com\/index.php\/wp-json\/wp\/v2\/categories?post=1580"},{"taxonomy":"post_tag","embeddable":true,"href":"https:\/\/blog.allivici.com\/index.php\/wp-json\/wp\/v2\/tags?post=1580"}],"curies":[{"name":"wp","href":"https:\/\/api.w.org\/{rel}","templated":true}]}}