{"id":1467,"date":"2023-03-14T14:00:00","date_gmt":"2023-03-14T17:00:00","guid":{"rendered":"https:\/\/alliviciblog.azurewebsites.net\/?p=1467"},"modified":"2023-03-13T22:21:01","modified_gmt":"2023-03-14T01:21:01","slug":"como-gerenciar-um-consultorio-de-nutricao","status":"publish","type":"post","link":"https:\/\/blog.allivici.com\/index.php\/2023\/03\/14\/como-gerenciar-um-consultorio-de-nutricao\/","title":{"rendered":"Como Gerenciar um Consult\u00f3rio de Nutri\u00e7\u00e3o?"},"content":{"rendered":"\n<p>Ser nutricionista aut\u00f4nomo no atendimento nutricional de consult\u00f3rio n\u00e3o \u00e9 tarefa f\u00e1cil. Principalmente por qu\u00e3o <strong>pouco \u00e9 aprendido<\/strong> sobre a \u00e1rea ainda na faculdade. N\u00e3o \u00e9 incomum escutar relatos de nutricionistas que gostariam de ter aprendido mais sobre a \u00e1rea durante a gradua\u00e7\u00e3o.\u00a0<\/p>\n\n\n\n<p>Mesmo para aqueles que se dedicaram aos est\u00e1gios e cursos durante a forma\u00e7\u00e3o, a maioria s\u00f3 <strong>descobre depois<\/strong> quanto trabalho h\u00e1 por tr\u00e1s da din\u00e2mica dos atendimentos, especializa\u00e7\u00f5es, ou identifica\u00e7\u00e3o das pr\u00f3prias habilidades e pontos de melhoria.<\/p>\n\n\n\n<p>Por isso, adquirir mais seguran\u00e7a e obter conhecimento t\u00e9cnico s\u00e3o pontos muito importantes para o nutricionista. Para auxiliar nessa jornada, confira essas quatro dicas essenciais para <strong>gerenciar um consult\u00f3rio<\/strong> de nutri\u00e7\u00e3o:<\/p>\n\n\n\n<ul><li><strong>Ferramentas facilitadoras<\/strong>: al\u00e9m de livros, materiais de apoio e bons equipamentos, um <em>software<\/em> completo como o <a href=\"https:\/\/www.allivici.com.br\/\" target=\"_blank\" rel=\"noreferrer noopener\"><span style=\"text-decoration: underline;\">Allivici<\/span><\/a> torna a sua rotina de atendimentos muito mais assertiva.<\/li><\/ul>\n\n\n\n<p><span class=\"has-inline-color has-black-color\"><span style=\"text-decoration: underline;\">Conhe\u00e7a todas as nossas funcionalidades:<\/span><\/span><\/p>\n\n\n\n<div class=\"wp-block-image is-style-default\"><figure class=\"aligncenter size-large is-resized\"><img loading=\"lazy\" src=\"\/wp-content\/uploads\/2023\/03\/Screen-Shot-2023-03-13-at-10.04.32-PM-edited.png\" alt=\"\" class=\"wp-image-1470\" width=\"676\" height=\"422\" srcset=\"\/wp-content\/uploads\/2023\/03\/Screen-Shot-2023-03-13-at-10.04.32-PM-edited.png 1156w, \/wp-content\/uploads\/2023\/03\/Screen-Shot-2023-03-13-at-10.04.32-PM-edited-300x187.png 300w, \/wp-content\/uploads\/2023\/03\/Screen-Shot-2023-03-13-at-10.04.32-PM-edited-1024x640.png 1024w, \/wp-content\/uploads\/2023\/03\/Screen-Shot-2023-03-13-at-10.04.32-PM-edited-768x480.png 768w\" sizes=\"(max-width: 676px) 100vw, 676px\" \/><\/figure><\/div>\n\n\n\n<ul><li><strong>Organiza\u00e7\u00e3o financeira:<\/strong> na faculdade o nutricionista dificilmente aprende sobre empreendedorismo, finan\u00e7as ou atendimento ao cliente; tr\u00eas pontos importantes para a gest\u00e3o de consult\u00f3rio que s\u00e3o facilitados pelo <a rel=\"noreferrer noopener\" href=\"https:\/\/allivici.com.br\" target=\"_blank\"><span style=\"text-decoration: underline;\">https:\/\/allivici.com.br<\/span><\/a> Por isso, a import\u00e2ncia de aprender sobre outras \u00e1reas e contar com aux\u00edlio tamb\u00e9m! <\/li><\/ul>\n\n\n\n<p><span class=\"has-inline-color has-black-color\"><span style=\"text-decoration: underline;\">Que tal nos conhecer melhor?<\/span><\/span><\/p>\n\n\n\n<div class=\"wp-block-image is-style-default\"><figure class=\"aligncenter size-full\"><img loading=\"lazy\" width=\"773\" height=\"439\" src=\"\/wp-content\/uploads\/2023\/03\/Screen-Shot-2023-03-13-at-10.07.09-PM.png\" alt=\"\" class=\"wp-image-1471\" srcset=\"\/wp-content\/uploads\/2023\/03\/Screen-Shot-2023-03-13-at-10.07.09-PM.png 773w, \/wp-content\/uploads\/2023\/03\/Screen-Shot-2023-03-13-at-10.07.09-PM-300x170.png 300w, \/wp-content\/uploads\/2023\/03\/Screen-Shot-2023-03-13-at-10.07.09-PM-768x436.png 768w\" sizes=\"(max-width: 773px) 100vw, 773px\" \/><\/figure><\/div>\n\n\n\n<ul><li><strong>Apoio profissional:<\/strong> quer voc\u00ea seja rec\u00e9m-formado, ou tenha anos de carreira, o apoio de colegas de profiss\u00e3o ao longo do caminho \u00e9 essencial. Muitas vezes, s\u00f3 \u00e9 poss\u00edvel descobrir novas solu\u00e7\u00f5es ao compartilhar situa\u00e7\u00f5es vividas com quem entende o contexto.&nbsp;<\/li><\/ul>\n\n\n\n<p><span style=\"text-decoration: underline;\">Sabendo da import\u00e2ncia disso, agora temos um <a rel=\"noreferrer noopener\" href=\"https:\/\/www.sympla.com.br\/evento-online\/grupo-de-estudos-allivici-gestao-de-consultorio-para-nutricionistas\/1900850?share_id=0\" data-type=\"URL\" data-id=\"https:\/\/www.sympla.com.br\/evento-online\/grupo-de-estudos-allivici-gestao-de-consultorio-para-nutricionistas\/1900850?share_id=0\" target=\"_blank\">Grupo de Estudos<\/a> dispon\u00edvel a todos:\u00a0<\/span><\/p>\n\n\n\n<div class=\"wp-block-image is-style-default\"><figure class=\"aligncenter size-large is-resized\"><img loading=\"lazy\" src=\"\/wp-content\/uploads\/2023\/03\/Screen-Shot-2023-03-13-at-10.11.52-PM-1024x566.png\" alt=\"\" class=\"wp-image-1472\" width=\"696\" height=\"384\" srcset=\"\/wp-content\/uploads\/2023\/03\/Screen-Shot-2023-03-13-at-10.11.52-PM-1024x566.png 1024w, \/wp-content\/uploads\/2023\/03\/Screen-Shot-2023-03-13-at-10.11.52-PM-300x166.png 300w, \/wp-content\/uploads\/2023\/03\/Screen-Shot-2023-03-13-at-10.11.52-PM-768x425.png 768w, \/wp-content\/uploads\/2023\/03\/Screen-Shot-2023-03-13-at-10.11.52-PM.png 1076w\" sizes=\"(max-width: 696px) 100vw, 696px\" \/><figcaption><sub>https:\/\/www.sympla.com.br\/evento-online\/grupo-de-estudos-allivici-gestao-de-consultorio-para-nutricionistas\/1900850?share_id=0<\/sub><\/figcaption><\/figure><\/div>\n\n\n\n<ul><li><strong>Aprimoramento: <\/strong>\u00e9 mais simples fazer uma trilha guiado ou por conta pr\u00f3pria? No <a href=\"https:\/\/allivici.com.br\/\" target=\"_blank\" rel=\"noreferrer noopener\"><span style=\"text-decoration: underline;\">Allivici<\/span><\/a> acreditamos que bons profissionais guiam profissionais melhores ainda. Por isso, sempre divulgamos cursos e eventos que podem tornar a sua pr\u00e1tica cl\u00ednica ainda mais completa.\u00a0<\/li><\/ul>\n\n\n\n<p><span style=\"text-decoration: underline;\">Confira um <a rel=\"noreferrer noopener\" href=\"https:\/\/www.youtube.com\/watch?v=ThsZCNEN84s\" data-type=\"URL\" data-id=\"https:\/\/www.youtube.com\/watch?v=ThsZCNEN84s\" target=\"_blank\">v\u00eddeo<\/a> em nosso <a href=\"https:\/\/www.youtube.com\/@allivicisoftwaredenutricao3327\" data-type=\"URL\" data-id=\"https:\/\/www.youtube.com\/@allivicisoftwaredenutricao3327\" target=\"_blank\" rel=\"noreferrer noopener\">Canal do Youtube<\/a> que pode te trazer ainda mais conhecimento sobre o assunto:\u00a0<\/span><\/p>\n\n\n\n<div class=\"wp-block-image is-style-default\"><figure class=\"aligncenter size-large is-resized\"><img loading=\"lazy\" src=\"\/wp-content\/uploads\/2023\/03\/Screen-Shot-2023-03-13-at-10.15.23-PM-1024x640.png\" alt=\"\" class=\"wp-image-1473\" width=\"688\" height=\"430\" srcset=\"\/wp-content\/uploads\/2023\/03\/Screen-Shot-2023-03-13-at-10.15.23-PM-1024x640.png 1024w, \/wp-content\/uploads\/2023\/03\/Screen-Shot-2023-03-13-at-10.15.23-PM-300x188.png 300w, \/wp-content\/uploads\/2023\/03\/Screen-Shot-2023-03-13-at-10.15.23-PM-768x480.png 768w, \/wp-content\/uploads\/2023\/03\/Screen-Shot-2023-03-13-at-10.15.23-PM.png 1440w\" sizes=\"(max-width: 688px) 100vw, 688px\" \/><figcaption><sub>https:\/\/www.youtube.com\/watch?v=ThsZCNEN84s<\/sub><\/figcaption><\/figure><\/div>\n\n\n\n<p><strong>At\u00e9 mais,<\/strong><\/p>\n","protected":false},"excerpt":{"rendered":"<p>Ser nutricionista de consult\u00f3rio n\u00e3o \u00e9 tarefa f\u00e1cil. H\u00e1 muito trabalho por tr\u00e1s da din\u00e2mica dos atendimentos, especializa\u00e7\u00f5es, ou identifica\u00e7\u00e3o das pr\u00f3prias habilidades e pontos de melhoria. Para gerenciar um consult\u00f3rio de nutri\u00e7\u00e3o, quatro dicas s\u00e3o essenciais, confira no texto de hoje! <\/p>\n","protected":false},"author":9,"featured_media":1468,"comment_status":"open","ping_status":"open","sticky":false,"template":"","format":"standard","meta":{"spay_email":""},"categories":[134],"tags":[316,318,291,315,317,319],"jetpack_featured_media_url":"\/wp-content\/uploads\/2023\/03\/pexels-yaroslav-shuraev-8844379-scaled-e1678756825237.jpg","jetpack-related-posts":[{"id":473,"url":"https:\/\/blog.allivici.com\/index.php\/2021\/04\/30\/vida-de-nutricionista-atendimentos\/","url_meta":{"origin":1467,"position":0},"title":"Vida de Nutricionista - Atendimentos","date":"30 de abril de 2021","format":false,"excerpt":"A complexidade do atendimento nutricional em consult\u00f3rio se apresenta desde os primeiros momentos, seja nas dificuldades iniciais ou em habilidades necess\u00e1rias que n\u00e3o aprendemos na faculdade de nutri\u00e7\u00e3o. Que tal conhecer cinco estrat\u00e9gias que podem te auxiliar no dia a dia do atendimento nutricional?","rel":"","context":"Em &quot;Sem categoria&quot;","img":{"alt_text":"","src":"\/wp-content\/uploads\/2021\/04\/surface-bvam1ifcire-unsplash-e1619611124786.jpg","width":350,"height":200},"classes":[]},{"id":180,"url":"https:\/\/blog.allivici.com\/index.php\/2019\/08\/20\/estagios-curriculares-em-nutricao\/","url_meta":{"origin":1467,"position":1},"title":"Est\u00e1gios Curriculares em Nutri\u00e7\u00e3o","date":"20 de agosto de 2019","format":false,"excerpt":"O que aprendemos na faculdade torna-se muito mais f\u00e1cil quando visto no dia a dia na pr\u00e1tica!","rel":"","context":"Em &quot;Estudante de Nutri\u00e7\u00e3o&quot;","img":{"alt_text":"","src":"\/wp-content\/uploads\/2019\/08\/capa.png","width":350,"height":200},"classes":[]},{"id":798,"url":"https:\/\/blog.allivici.com\/index.php\/2021\/10\/07\/vida-de-nutricionista-saude-mental\/","url_meta":{"origin":1467,"position":2},"title":"Vida de Nutricionista: Sa\u00fade Mental","date":"7 de outubro de 2021","format":false,"excerpt":"Faz poucas semanas que encerramos o m\u00eas de campanha em preven\u00e7\u00e3o ao suic\u00eddio, Setembro Amarelo, e apesar de ainda estarmos a alguns meses de Janeiro Branco, sa\u00fade mental \u00e9 um assunto a ser falado o ano inteiro, n\u00e3o acha? Saiba quatro formas de cuidar mais de si!","rel":"","context":"Em &quot;Vida de nutricionista&quot;","img":{"alt_text":"","src":"\/wp-content\/uploads\/2021\/08\/brooke-cagle-xcgh5_-QIXc-unsplash-scaled.jpg","width":350,"height":200},"classes":[]},{"id":731,"url":"https:\/\/blog.allivici.com\/index.php\/2021\/08\/27\/o-que-te-motiva-a-continuar\/","url_meta":{"origin":1467,"position":3},"title":"O que te motiva a continuar?","date":"27 de agosto de 2021","format":false,"excerpt":"O nutricionista enfrenta muitas dificuldades profissionais, mas h\u00e1 tantas outras situa\u00e7\u00f5es que podem te motivam a continuar. J\u00e1 pensou em como voc\u00ea pode se surpreender no dia a dia, sendo nutricionista?\u00a0Hoje, em homenagem a profiss\u00e3o, n\u00f3s trouxemos uma hist\u00f3ria para que possamos refletir sobre a mudan\u00e7a de vida que o\u2026","rel":"","context":"Em &quot;Vida de nutricionista&quot;","img":{"alt_text":"","src":"\/wp-content\/uploads\/2021\/08\/brooke-cagle-NoRsyXmHGpI-unsplash-scaled-e1629895296855.jpg","width":350,"height":200},"classes":[]},{"id":1237,"url":"https:\/\/blog.allivici.com\/index.php\/2022\/08\/25\/vida-de-nutricionista-motivos-para-continuar\/","url_meta":{"origin":1467,"position":4},"title":"Vida de Nutricionista: Motivos para Continuar","date":"25 de agosto de 2022","format":false,"excerpt":"Na pr\u00f3xima semana n\u00f3s celebramos o Dia do Nutricionista (31\/08).\u00a0O nutricionista enfrenta muitas dificuldades profissionais, mas h\u00e1 tantas outras situa\u00e7\u00f5es que podem nos motivar. J\u00e1 pensou em como voc\u00ea pode se surpreender sendo nutricionista? Hoje, em homenagem \u00e0 profiss\u00e3o, n\u00f3s trouxemos a hist\u00f3ria de uma de n\u00f3s para que possa\u2026","rel":"","context":"Em &quot;Atualidades&quot;","img":{"alt_text":"","src":"\/wp-content\/uploads\/2022\/08\/alimentacao-na-infancia-4-e1659381381957.jpg","width":350,"height":200},"classes":[]},{"id":1395,"url":"https:\/\/blog.allivici.com\/index.php\/2023\/01\/10\/janeiro-branco-nutricao-e-saude-mental\/","url_meta":{"origin":1467,"position":5},"title":"Janeiro Branco: Nutri\u00e7\u00e3o e Sa\u00fade Mental?","date":"10 de janeiro de 2023","format":false,"excerpt":"A cada come\u00e7o de ano todos s\u00e3o estimulados a refletir mais sobre as suas vidas, rela\u00e7\u00f5es, escolhas e mudan\u00e7as desejadas. Por isso, a campanha sobre sa\u00fade mental e emocional acontece nesse per\u00edodo de forma muito prop\u00edcia. Na nutri\u00e7\u00e3o falar sobre a pauta de sa\u00fade mental \u00e9 muito importante. No texto\u2026","rel":"","context":"Em &quot;Vida de nutricionista&quot;","img":{"alt_text":"","src":"\/wp-content\/uploads\/2023\/01\/pexels-photo-4672441-e1673021095421.jpeg","width":350,"height":200},"classes":[]}],"_links":{"self":[{"href":"https:\/\/blog.allivici.com\/index.php\/wp-json\/wp\/v2\/posts\/1467"}],"collection":[{"href":"https:\/\/blog.allivici.com\/index.php\/wp-json\/wp\/v2\/posts"}],"about":[{"href":"https:\/\/blog.allivici.com\/index.php\/wp-json\/wp\/v2\/types\/post"}],"author":[{"embeddable":true,"href":"https:\/\/blog.allivici.com\/index.php\/wp-json\/wp\/v2\/users\/9"}],"replies":[{"embeddable":true,"href":"https:\/\/blog.allivici.com\/index.php\/wp-json\/wp\/v2\/comments?post=1467"}],"version-history":[{"count":3,"href":"https:\/\/blog.allivici.com\/index.php\/wp-json\/wp\/v2\/posts\/1467\/revisions"}],"predecessor-version":[{"id":1476,"href":"https:\/\/blog.allivici.com\/index.php\/wp-json\/wp\/v2\/posts\/1467\/revisions\/1476"}],"wp:featuredmedia":[{"embeddable":true,"href":"https:\/\/blog.allivici.com\/index.php\/wp-json\/wp\/v2\/media\/1468"}],"wp:attachment":[{"href":"https:\/\/blog.allivici.com\/index.php\/wp-json\/wp\/v2\/media?parent=1467"}],"wp:term":[{"taxonomy":"category","embeddable":true,"href":"https:\/\/blog.allivici.com\/index.php\/wp-json\/wp\/v2\/categories?post=1467"},{"taxonomy":"post_tag","embeddable":true,"href":"https:\/\/blog.allivici.com\/index.php\/wp-json\/wp\/v2\/tags?post=1467"}],"curies":[{"name":"wp","href":"https:\/\/api.w.org\/{rel}","templated":true}]}}