{"id":1021,"date":"2022-04-14T14:00:00","date_gmt":"2022-04-14T17:00:00","guid":{"rendered":"https:\/\/alliviciblog.azurewebsites.net\/?p=1021"},"modified":"2023-01-27T17:19:16","modified_gmt":"2023-01-27T20:19:16","slug":"atualidades-suplementacao-de-creatina","status":"publish","type":"post","link":"https:\/\/blog.allivici.com\/index.php\/2022\/04\/14\/atualidades-suplementacao-de-creatina\/","title":{"rendered":"Artigo Cient\u00edfico: Suplementa\u00e7\u00e3o de Creatina na Nutri\u00e7\u00e3o"},"content":{"rendered":"\n<p>Muitos suplementos demonstraram a sua efetividade e seguran\u00e7a h\u00e1 muito tempo, se popularizando e sendo facilmente adquiridos, como o <em>whey protein<\/em>, por exemplo. Mais recentemente, a <strong>creatina <\/strong>tamb\u00e9m ocupou esse lugar.\u00a0<\/p>\n\n\n\n<p>Ambos os suplementos s\u00e3o, em geral, utilizados por um p\u00fablico que busca o aumento, e a manuten\u00e7\u00e3o, da massa e for\u00e7a muscular; visando resultados est\u00e9ticos ou na performance esportiva. No entanto, <strong>novos estudos<\/strong> v\u00eam demonstrando outras associa\u00e7\u00f5es e poss\u00edveis indica\u00e7\u00f5es para o uso de creatina.\u00a0<\/p>\n\n\n\n<div class=\"wp-block-image\"><figure class=\"aligncenter size-full is-resized\"><img loading=\"lazy\" src=\"\/wp-content\/uploads\/2022\/04\/Screen-Shot-2022-04-06-at-3.57.20-PM-edited-1.png\" alt=\"\" class=\"wp-image-1024\" width=\"460\" height=\"345\" srcset=\"\/wp-content\/uploads\/2022\/04\/Screen-Shot-2022-04-06-at-3.57.20-PM-edited-1.png 569w, \/wp-content\/uploads\/2022\/04\/Screen-Shot-2022-04-06-at-3.57.20-PM-edited-1-300x225.png 300w\" sizes=\"(max-width: 460px) 100vw, 460px\" \/><figcaption><sub>fonte da imagem: <a href=\"https:\/\/doi.org\/10.3390\/nu14061255\">https:\/\/doi.org\/10.3390\/nu14061255<\/a><\/sub><\/figcaption><\/figure><\/div>\n\n\n\n<p><span style=\"color:#0071a1\" class=\"has-inline-color\">Ent\u00e3o, o que h\u00e1 de evid\u00eancia sobre a suplementa\u00e7\u00e3o de creatina? Hoje, a tradu\u00e7\u00e3o e adapta\u00e7\u00e3o de um recente estudo responde exatamente a essa pergunta.\u00a0<\/span><\/p>\n\n\n\n<p><strong>Introdu\u00e7\u00e3o<\/strong><\/p>\n\n\n\n<p>H\u00e1 resultados na suplementa\u00e7\u00e3o de creatina al\u00e9m do \u00e2mbito esportivo? Vislumbrando auxiliar outras popula\u00e7\u00f5es, novos estudos foram conduzidos com indiv\u00edduos idosos, imobilizados ou pacientes em risco de atrofia muscular.<\/p>\n\n\n\n<p><strong>Resultados<\/strong><\/p>\n\n\n\n<p><span style=\"text-decoration: underline;\">Popula\u00e7\u00e3o<\/span><\/p>\n\n\n\n<p>Houve um resultado significativamente melhor em indiv\u00edduos mais <strong>jovens<\/strong> (18 a 30 anos).<\/p>\n\n\n\n<p>Em indiv\u00edduos com a <strong>imobiliza\u00e7\u00e3o<\/strong> de um membro, simulada por uso de gesso, a suplementa\u00e7\u00e3o de creatina apresentou resultados ainda controversos na preserva\u00e7\u00e3o da massa muscular.\u00a0<\/p>\n\n\n\n<p>Para indiv\u00edduos<strong> idosos<\/strong>, a indica\u00e7\u00e3o tem sido proposta em decorr\u00eancia da sarcopenia. No entanto, apenas um estudo, entre os avaliados, apresentou resultados positivos na densidade muscular (nos membros inferiores).<\/p>\n\n\n\n<p><span style=\"text-decoration: underline;\">Import\u00e2ncia do treinamento f\u00edsico\u00a0<\/span><\/p>\n\n\n\n<p>Apesar de ser um suplemento mais utilizado em atividades focadas em resist\u00eancia e pot\u00eancia, benef\u00edcios foram observados em outras <strong>modalidades <\/strong>de treinamento. Os resultados foram avaliados sempre ap\u00f3s um per\u00edodo de treinamento, destacando a import\u00e2ncia do est\u00edmulo externo gerado pelo exerc\u00edcio f\u00edsico.<\/p>\n\n\n\n<p><span style=\"text-decoration: underline;\">Dosagem e protocolos<\/span><\/p>\n\n\n\n<p>Diferentes dosagens foram aplicadas e poucos estudos n\u00e3o utilizaram o protocolo de \u201ccarregamento\u201d; em que uma maior dose \u00e9 utilizada nos primeiros dias e depois uma menor dose \u00e9 indicada para o uso cont\u00ednuo.&nbsp;<\/p>\n\n\n\n<p>Em m\u00e9dia, as seguintes<strong> doses<\/strong> poderiam ser indicadas:\u00a0<\/p>\n\n\n\n<ul><li>Carregamento (loading): 20g\/dia ou 0.3g\/kg\/dia por 5 a 7 dias\u00a0<\/li><li>Manuten\u00e7\u00e3o (maintenance): 3-5g\/dia ou 0.03g\/kg\/dia por > 28 dias<\/li><\/ul>\n\n\n\n<p><strong>Conclus\u00e3o<\/strong><\/p>\n\n\n\n<p>Atualmente, h\u00e1 evid\u00eancias estabelecidas para o uso de creatina apenas em indiv\u00edduos mais jovens. Apesar de promissores, os resultados em indiv\u00edduos idosos ainda precisam ser <strong>melhor explorados<\/strong>, com a metodologia sempre alinhada, buscando estabelecer resultados mais fact\u00edveis para uma melhor indica\u00e7\u00e3o cl\u00ednica.\u00a0<\/p>\n\n\n\n<p>Acesse o artigo na \u00edntegra clicando <a href=\"https:\/\/www.mdpi.com\/2072-6643\/14\/6\/1255\">aqui<\/a>.&nbsp;<\/p>\n\n\n\n<p><strong>At\u00e9 mais!<\/strong><\/p>\n","protected":false},"excerpt":{"rendered":"<p>Muitos suplementos demonstraram a sua efetividade e seguran\u00e7a h\u00e1 muito tempo, se popularizando e sendo facilmente adquiridos. Como a creatina, mas o que h\u00e1 de evid\u00eancia sobre a suplementa\u00e7\u00e3o? Hoje, a tradu\u00e7\u00e3o e adapta\u00e7\u00e3o de um recente estudo responde exatamente a essa pergunta.\u00a0<\/p>\n","protected":false},"author":9,"featured_media":1026,"comment_status":"open","ping_status":"open","sticky":false,"template":"","format":"standard","meta":{"spay_email":""},"categories":[2],"tags":[237,238,142,100,239,115,190,236],"jetpack_featured_media_url":"\/wp-content\/uploads\/2022\/04\/photo-1562771379-44b243dedac5-e1649947506111.jpg","jetpack-related-posts":[{"id":1644,"url":"https:\/\/blog.allivici.com\/index.php\/2024\/01\/23\/artigo-cientifico-suco-de-beterraba-na-performance-esportiva\/","url_meta":{"origin":1021,"position":0},"title":"Artigo Cient\u00edfico: Suco de beterraba na performance esportiva","date":"23 de janeiro de 2024","format":false,"excerpt":"Na suplementa\u00e7\u00e3o nutricional muitas orienta\u00e7\u00f5es passam por mudan\u00e7as ao longo dos anos; algo que era promissor em uma \u00e9poca passa a n\u00e3o ser t\u00e3o interessante em outra, e vice e versa. Por isso, a import\u00e2ncia do nutricionista se manter atualizado. Principalmente para obter resultados seguros e eficazes junto aos seus\u2026","rel":"","context":"Em &quot;Atualidades&quot;","img":{"alt_text":"","src":"\/wp-content\/uploads\/2024\/01\/Capas-Blog-e1705420085547.png","width":350,"height":200},"classes":[]},{"id":1509,"url":"https:\/\/blog.allivici.com\/index.php\/2023\/06\/06\/artigo-cientifico-seguranca-na-suplementacao-de-creatina\/","url_meta":{"origin":1021,"position":1},"title":"Artigo Cient\u00edfico: Seguran\u00e7a na Suplementa\u00e7\u00e3o de Creatina","date":"6 de junho de 2023","format":false,"excerpt":"Na suplementa\u00e7\u00e3o nutricional, muitas orienta\u00e7\u00f5es passam por mudan\u00e7as ao longo dos anos; algo que era promissor passa a n\u00e3o ser interessante, e vice e versa. Por isso, a import\u00e2ncia de se manter atualizado. No texto de hoje, o resumo de um artigo em que os autores avaliaram as evid\u00eancias dispon\u00edveis\u2026","rel":"","context":"Em &quot;Atualidades&quot;","img":{"alt_text":"","src":"\/wp-content\/uploads\/2023\/06\/1.png","width":350,"height":200},"classes":[]},{"id":1408,"url":"https:\/\/blog.allivici.com\/index.php\/2023\/01\/24\/artigo-cientifico-suplementacao-de-melatonina-na-nutricao\/","url_meta":{"origin":1021,"position":2},"title":"Artigo Cient\u00edfico: Suplementa\u00e7\u00e3o de melatonina na nutri\u00e7\u00e3o","date":"24 de janeiro de 2023","format":false,"excerpt":"A suplementa\u00e7\u00e3o de melatonina tem se popularizado entre muitas pessoas. No entanto, n\u00e3o deve ser tida como uma subst\u00e2ncia \u201cpara dormir\u201d. No texto de hoje, selecionamos os pontos principais de um artigo cient\u00edfico, para deixar o nutricionista atualizado sobre a suplementa\u00e7\u00e3o de melatonina. Confira!","rel":"","context":"Em &quot;Atualidades&quot;","img":{"alt_text":"","src":"\/wp-content\/uploads\/2023\/01\/pexels-ekaterina-bolovtsova-7445340-scaled-e1674428114257.jpg","width":350,"height":200},"classes":[]},{"id":1614,"url":"https:\/\/blog.allivici.com\/index.php\/2023\/11\/28\/suplementacao-de-cafeina\/","url_meta":{"origin":1021,"position":3},"title":"Suplementa\u00e7\u00e3o de Cafe\u00edna","date":"28 de novembro de 2023","format":false,"excerpt":"Muitos suplementos s\u00e3o usados com finalidade ergog\u00eanica em pr\u00e1ticas esportivas, um dos mais conhecidos e utilizados \u00e9 a cafe\u00edna. Quais s\u00e3o as orienta\u00e7\u00f5es mais importantes para se saber antes de suplementar? Confira no texto de hoje!","rel":"","context":"Em &quot;Atualidades&quot;","img":{"alt_text":"","src":"\/wp-content\/uploads\/2023\/11\/Capas-Blog-1.png","width":350,"height":200},"classes":[]},{"id":2320,"url":"https:\/\/blog.allivici.com\/index.php\/2025\/02\/11\/artigo-cientifico-estrategias-nutricionais-para-a-recuperacao-pos-exercicio\/","url_meta":{"origin":1021,"position":4},"title":"Artigo Cient\u00edfico: Estrat\u00e9gias nutricionais para a recupera\u00e7\u00e3o p\u00f3s-exerc\u00edcio","date":"11 de fevereiro de 2025","format":false,"excerpt":"A nutri\u00e7\u00e3o adequada desempenha um importante papel a recupera\u00e7\u00e3o p\u00f3s-exerc\u00edcio, principalmente no reparo muscular, reposi\u00e7\u00e3o de energia, reidrata\u00e7\u00e3o e equil\u00edbrio de fluidos. Confira mais detalhes sobre um estudo que analisou alimentos ricos em compostos bioativas para recupera\u00e7\u00e3o p\u00f3s-exerc\u00edcio. Quais alimentos podem auxiliar?","rel":"","context":"Em &quot;Atualidades&quot;","img":{"alt_text":"","src":"\/wp-content\/uploads\/2025\/02\/Capas-Blog-e1739050141407.png","width":350,"height":200},"classes":[]},{"id":455,"url":"https:\/\/blog.allivici.com\/index.php\/2021\/04\/16\/alimentacao-e-doencas-reumaticas-voce-sabe-a-relacao\/","url_meta":{"origin":1021,"position":5},"title":"Alimenta\u00e7\u00e3o e doen\u00e7as reum\u00e1ticas, voc\u00ea sabe a rela\u00e7\u00e3o?","date":"16 de abril de 2021","format":false,"excerpt":"Doen\u00e7as reum\u00e1ticas s\u00e3o condi\u00e7\u00f5es cr\u00f4nicas de sa\u00fade e por isso tamb\u00e9m merecem aten\u00e7\u00e3o quanto \u00e0 alimenta\u00e7\u00e3o. Estrat\u00e9gias nutricionais podem ser utilizadas de forma complementar ao tratamento. O que estudos cient\u00edficos falam sobre a tem\u00e1tica?","rel":"","context":"Em &quot;Atualidades&quot;","img":{"alt_text":"","src":"\/wp-content\/uploads\/2021\/04\/blog-e1618404801426.jpg","width":350,"height":200},"classes":[]}],"_links":{"self":[{"href":"https:\/\/blog.allivici.com\/index.php\/wp-json\/wp\/v2\/posts\/1021"}],"collection":[{"href":"https:\/\/blog.allivici.com\/index.php\/wp-json\/wp\/v2\/posts"}],"about":[{"href":"https:\/\/blog.allivici.com\/index.php\/wp-json\/wp\/v2\/types\/post"}],"author":[{"embeddable":true,"href":"https:\/\/blog.allivici.com\/index.php\/wp-json\/wp\/v2\/users\/9"}],"replies":[{"embeddable":true,"href":"https:\/\/blog.allivici.com\/index.php\/wp-json\/wp\/v2\/comments?post=1021"}],"version-history":[{"count":9,"href":"https:\/\/blog.allivici.com\/index.php\/wp-json\/wp\/v2\/posts\/1021\/revisions"}],"predecessor-version":[{"id":1513,"href":"https:\/\/blog.allivici.com\/index.php\/wp-json\/wp\/v2\/posts\/1021\/revisions\/1513"}],"wp:featuredmedia":[{"embeddable":true,"href":"https:\/\/blog.allivici.com\/index.php\/wp-json\/wp\/v2\/media\/1026"}],"wp:attachment":[{"href":"https:\/\/blog.allivici.com\/index.php\/wp-json\/wp\/v2\/media?parent=1021"}],"wp:term":[{"taxonomy":"category","embeddable":true,"href":"https:\/\/blog.allivici.com\/index.php\/wp-json\/wp\/v2\/categories?post=1021"},{"taxonomy":"post_tag","embeddable":true,"href":"https:\/\/blog.allivici.com\/index.php\/wp-json\/wp\/v2\/tags?post=1021"}],"curies":[{"name":"wp","href":"https:\/\/api.w.org\/{rel}","templated":true}]}}